{"id":21222,"date":"2025-07-30T01:13:52","date_gmt":"2025-07-29T23:13:52","guid":{"rendered":"https:\/\/wgphoto.pl\/t\/?p=21222"},"modified":"2025-07-30T01:13:52","modified_gmt":"2025-07-29T23:13:52","slug":"koniec-trasy-10","status":"publish","type":"post","link":"https:\/\/wgphoto.pl\/t\/?p=21222","title":{"rendered":"Koniec trasy"},"content":{"rendered":"\n<figure class=\"wp-block-image aligncenter size-full\"><img loading=\"lazy\" decoding=\"async\" width=\"1300\" height=\"861\" src=\"https:\/\/wgphoto.pl\/t\/wp-content\/uploads\/2025\/07\/IMGP2214-1.jpg\" alt=\"\" class=\"wp-image-21223\" srcset=\"https:\/\/wgphoto.pl\/t\/wp-content\/uploads\/2025\/07\/IMGP2214-1.jpg 1300w, https:\/\/wgphoto.pl\/t\/wp-content\/uploads\/2025\/07\/IMGP2214-1-300x199.jpg 300w, https:\/\/wgphoto.pl\/t\/wp-content\/uploads\/2025\/07\/IMGP2214-1-768x509.jpg 768w\" sizes=\"auto, (max-width: 1300px) 100vw, 1300px\" \/><\/figure>\n\n\n\n<div class=\"wp-block-group has-global-padding is-layout-constrained wp-block-group-is-layout-constrained\">\n<p>Olsztyn, ul. 11 Listopada. Wagon nr 3009 na \u015br\u00f3dmiejskim, jednotorowym kra\u0144cu. By\u0142o to rozwi\u0105zanie tymczasowe, funkcjonuj\u0105ce w latach 2015-2023. Obecnie tramwaje doje\u017cd\u017caj\u0105 oko\u0142o 100 metr\u00f3w dalej, pod Wysok\u0105 Bram\u0119, lecz kr\u00f3tki odcinek ze zdj\u0119cia pozosta\u0142 w formie jednotoru, eksploatowanego w dw\u00f3ch kierunkach. Po lewej stronie kadru pozdrawia was m\u00f3j lokalny przewodnik. \ud83d\ude09 24.04.2021<\/p>\n<\/div>\n","protected":false},"excerpt":{"rendered":"<p>Olsztyn, ul. 11 Listopada. Wagon nr 3009 na \u015br\u00f3dmiejskim, jednotorowym kra\u0144cu. By\u0142o to rozwi\u0105zanie tymczasowe, funkcjonuj\u0105ce w latach 2015-2023. Obecnie tramwaje doje\u017cd\u017caj\u0105 oko\u0142o 100 metr\u00f3w dalej, pod Wysok\u0105 Bram\u0119, lecz kr\u00f3tki odcinek ze zdj\u0119cia pozosta\u0142 w formie jednotoru, eksploatowanego w dw\u00f3ch kierunkach. Po lewej stronie kadru pozdrawia was m\u00f3j lokalny przewodnik. \ud83d\ude09 24.04.2021<\/p>\n","protected":false},"author":1,"featured_media":21223,"comment_status":"open","ping_status":"","sticky":false,"template":"","format":"standard","meta":{"footnotes":""},"categories":[681,3],"tags":[2396,4396,3918,27,237],"class_list":["post-21222","post","type-post","status-publish","format-standard","has-post-thumbnail","hentry","category-rok-2021","category-tramwaj","tag-2021-04-24","tag-mpk-olsztyn","tag-olsztyn","tag-polska","tag-solaris-tramino"],"_links":{"self":[{"href":"https:\/\/wgphoto.pl\/t\/index.php?rest_route=\/wp\/v2\/posts\/21222","targetHints":{"allow":["GET"]}}],"collection":[{"href":"https:\/\/wgphoto.pl\/t\/index.php?rest_route=\/wp\/v2\/posts"}],"about":[{"href":"https:\/\/wgphoto.pl\/t\/index.php?rest_route=\/wp\/v2\/types\/post"}],"author":[{"embeddable":true,"href":"https:\/\/wgphoto.pl\/t\/index.php?rest_route=\/wp\/v2\/users\/1"}],"replies":[{"embeddable":true,"href":"https:\/\/wgphoto.pl\/t\/index.php?rest_route=%2Fwp%2Fv2%2Fcomments&post=21222"}],"version-history":[{"count":1,"href":"https:\/\/wgphoto.pl\/t\/index.php?rest_route=\/wp\/v2\/posts\/21222\/revisions"}],"predecessor-version":[{"id":21224,"href":"https:\/\/wgphoto.pl\/t\/index.php?rest_route=\/wp\/v2\/posts\/21222\/revisions\/21224"}],"wp:featuredmedia":[{"embeddable":true,"href":"https:\/\/wgphoto.pl\/t\/index.php?rest_route=\/wp\/v2\/media\/21223"}],"wp:attachment":[{"href":"https:\/\/wgphoto.pl\/t\/index.php?rest_route=%2Fwp%2Fv2%2Fmedia&parent=21222"}],"wp:term":[{"taxonomy":"category","embeddable":true,"href":"https:\/\/wgphoto.pl\/t\/index.php?rest_route=%2Fwp%2Fv2%2Fcategories&post=21222"},{"taxonomy":"post_tag","embeddable":true,"href":"https:\/\/wgphoto.pl\/t\/index.php?rest_route=%2Fwp%2Fv2%2Ftags&post=21222"}],"curies":[{"name":"wp","href":"https:\/\/api.w.org\/{rel}","templated":true}]}}