{"id":21225,"date":"2025-07-30T01:14:45","date_gmt":"2025-07-29T23:14:45","guid":{"rendered":"https:\/\/wgphoto.pl\/t\/?p=21225"},"modified":"2025-07-30T01:14:45","modified_gmt":"2025-07-29T23:14:45","slug":"architektura-brzezna","status":"publish","type":"post","link":"https:\/\/wgphoto.pl\/t\/?p=21225","title":{"rendered":"Architektura Brze\u017ana"},"content":{"rendered":"\n<figure class=\"wp-block-image aligncenter size-full\"><img loading=\"lazy\" decoding=\"async\" width=\"1300\" height=\"861\" src=\"https:\/\/wgphoto.pl\/t\/wp-content\/uploads\/2025\/07\/IMGP4198.jpg\" alt=\"\" class=\"wp-image-21226\" srcset=\"https:\/\/wgphoto.pl\/t\/wp-content\/uploads\/2025\/07\/IMGP4198.jpg 1300w, https:\/\/wgphoto.pl\/t\/wp-content\/uploads\/2025\/07\/IMGP4198-300x199.jpg 300w, https:\/\/wgphoto.pl\/t\/wp-content\/uploads\/2025\/07\/IMGP4198-768x509.jpg 768w\" sizes=\"auto, (max-width: 1300px) 100vw, 1300px\" \/><\/figure>\n\n\n\n<div class=\"wp-block-group has-global-padding is-layout-constrained wp-block-group-is-layout-constrained\">\n<p>Gda\u0144sk, ul. Gda\u0144ska, Duewag N8C-MF01 1123 (Dortmunder po remoncie w Modertransie), sfotografowany od ty\u0142u, kieruje si\u0119 do Nowego Portu. Szwedzki tag pod zdj\u0119ciem stanowi funkcjonalne powi\u0105zanie wycieczkowe, chocia\u017c nie mia\u0142em wtedy szczeg\u00f3lnej weny fotograficznej. 23.09.2021<\/p>\n<\/div>\n","protected":false},"excerpt":{"rendered":"<p>Gda\u0144sk, ul. Gda\u0144ska, Duewag N8C-MF01 1123 (Dortmunder po remoncie w Modertransie), sfotografowany od ty\u0142u, kieruje si\u0119 do Nowego Portu. Szwedzki tag pod zdj\u0119ciem stanowi funkcjonalne powi\u0105zanie wycieczkowe, chocia\u017c nie mia\u0142em wtedy szczeg\u00f3lnej weny fotograficznej. 23.09.2021<\/p>\n","protected":false},"author":1,"featured_media":21226,"comment_status":"open","ping_status":"","sticky":false,"template":"","format":"standard","meta":{"footnotes":""},"categories":[681,3],"tags":[4100,34,985,1933,907,27,687],"class_list":["post-21225","post","type-post","status-publish","format-standard","has-post-thumbnail","hentry","category-rok-2021","category-tramwaj","tag-2021-09-23","tag-architektura","tag-duewag-nx-mx","tag-gait","tag-gdansk","tag-polska","tag-szwecja-2021"],"_links":{"self":[{"href":"https:\/\/wgphoto.pl\/t\/index.php?rest_route=\/wp\/v2\/posts\/21225","targetHints":{"allow":["GET"]}}],"collection":[{"href":"https:\/\/wgphoto.pl\/t\/index.php?rest_route=\/wp\/v2\/posts"}],"about":[{"href":"https:\/\/wgphoto.pl\/t\/index.php?rest_route=\/wp\/v2\/types\/post"}],"author":[{"embeddable":true,"href":"https:\/\/wgphoto.pl\/t\/index.php?rest_route=\/wp\/v2\/users\/1"}],"replies":[{"embeddable":true,"href":"https:\/\/wgphoto.pl\/t\/index.php?rest_route=%2Fwp%2Fv2%2Fcomments&post=21225"}],"version-history":[{"count":1,"href":"https:\/\/wgphoto.pl\/t\/index.php?rest_route=\/wp\/v2\/posts\/21225\/revisions"}],"predecessor-version":[{"id":21227,"href":"https:\/\/wgphoto.pl\/t\/index.php?rest_route=\/wp\/v2\/posts\/21225\/revisions\/21227"}],"wp:featuredmedia":[{"embeddable":true,"href":"https:\/\/wgphoto.pl\/t\/index.php?rest_route=\/wp\/v2\/media\/21226"}],"wp:attachment":[{"href":"https:\/\/wgphoto.pl\/t\/index.php?rest_route=%2Fwp%2Fv2%2Fmedia&parent=21225"}],"wp:term":[{"taxonomy":"category","embeddable":true,"href":"https:\/\/wgphoto.pl\/t\/index.php?rest_route=%2Fwp%2Fv2%2Fcategories&post=21225"},{"taxonomy":"post_tag","embeddable":true,"href":"https:\/\/wgphoto.pl\/t\/index.php?rest_route=%2Fwp%2Fv2%2Ftags&post=21225"}],"curies":[{"name":"wp","href":"https:\/\/api.w.org\/{rel}","templated":true}]}}