{"id":21228,"date":"2025-07-30T01:15:56","date_gmt":"2025-07-29T23:15:56","guid":{"rendered":"https:\/\/wgphoto.pl\/t\/?p=21228"},"modified":"2025-07-30T01:15:56","modified_gmt":"2025-07-29T23:15:56","slug":"tramwajowe-metro-linii-u6","status":"publish","type":"post","link":"https:\/\/wgphoto.pl\/t\/?p=21228","title":{"rendered":"Tramwajowe metro linii U6"},"content":{"rendered":"\n<figure class=\"wp-block-image aligncenter size-full\"><img loading=\"lazy\" decoding=\"async\" width=\"1300\" height=\"861\" src=\"https:\/\/wgphoto.pl\/t\/wp-content\/uploads\/2025\/07\/0611-28_rsn.jpg\" alt=\"\" class=\"wp-image-21229\" srcset=\"https:\/\/wgphoto.pl\/t\/wp-content\/uploads\/2025\/07\/0611-28_rsn.jpg 1300w, https:\/\/wgphoto.pl\/t\/wp-content\/uploads\/2025\/07\/0611-28_rsn-300x199.jpg 300w, https:\/\/wgphoto.pl\/t\/wp-content\/uploads\/2025\/07\/0611-28_rsn-768x509.jpg 768w\" sizes=\"auto, (max-width: 1300px) 100vw, 1300px\" \/><\/figure>\n\n\n\n<div class=\"wp-block-group has-global-padding is-layout-constrained wp-block-group-is-layout-constrained\">\n<p>Poci\u0105g typu E6+c6+T+c6+E6 odjecha\u0142 ze stacji Thaliastra\u00dfe w Wiedniu. Prowadz\u0105cy wagon 4948 mia\u0142 bogat\u0105 histori\u0119, w latach 2008-2014 je\u017adzi\u0142 bowiem w holenderskim Utrechcie, nast\u0119pnie zosta\u0142 kupiony przez MPK Krak\u00f3w i aktualnie, po modernizacji, kursuje pod numerem HL439. 29.06.2006<\/p>\n<\/div>\n","protected":false},"excerpt":{"rendered":"<p>Poci\u0105g typu E6+c6+T+c6+E6 odjecha\u0142 ze stacji Thaliastra\u00dfe w Wiedniu. Prowadz\u0105cy wagon 4948 mia\u0142 bogat\u0105 histori\u0119, w latach 2008-2014 je\u017adzi\u0142 bowiem w holenderskim Utrechcie, nast\u0119pnie zosta\u0142 kupiony przez MPK Krak\u00f3w i aktualnie, po modernizacji, kursuje pod numerem HL439. 29.06.2006<\/p>\n","protected":false},"author":1,"featured_media":21229,"comment_status":"open","ping_status":"","sticky":false,"template":"","format":"standard","meta":{"footnotes":""},"categories":[62,4,130],"tags":[2024,4295,9,1487,101,143,99,97,98],"class_list":["post-21228","post","type-post","status-publish","format-standard","has-post-thumbnail","hentry","category-analog","category-metro","category-rok-2006","tag-2006-06-29","tag-analog","tag-austria","tag-e6","tag-gt6","tag-ponad-30m","tag-u-bahn-wien","tag-wieden","tag-wiener-linien"],"_links":{"self":[{"href":"https:\/\/wgphoto.pl\/t\/index.php?rest_route=\/wp\/v2\/posts\/21228","targetHints":{"allow":["GET"]}}],"collection":[{"href":"https:\/\/wgphoto.pl\/t\/index.php?rest_route=\/wp\/v2\/posts"}],"about":[{"href":"https:\/\/wgphoto.pl\/t\/index.php?rest_route=\/wp\/v2\/types\/post"}],"author":[{"embeddable":true,"href":"https:\/\/wgphoto.pl\/t\/index.php?rest_route=\/wp\/v2\/users\/1"}],"replies":[{"embeddable":true,"href":"https:\/\/wgphoto.pl\/t\/index.php?rest_route=%2Fwp%2Fv2%2Fcomments&post=21228"}],"version-history":[{"count":1,"href":"https:\/\/wgphoto.pl\/t\/index.php?rest_route=\/wp\/v2\/posts\/21228\/revisions"}],"predecessor-version":[{"id":21230,"href":"https:\/\/wgphoto.pl\/t\/index.php?rest_route=\/wp\/v2\/posts\/21228\/revisions\/21230"}],"wp:featuredmedia":[{"embeddable":true,"href":"https:\/\/wgphoto.pl\/t\/index.php?rest_route=\/wp\/v2\/media\/21229"}],"wp:attachment":[{"href":"https:\/\/wgphoto.pl\/t\/index.php?rest_route=%2Fwp%2Fv2%2Fmedia&parent=21228"}],"wp:term":[{"taxonomy":"category","embeddable":true,"href":"https:\/\/wgphoto.pl\/t\/index.php?rest_route=%2Fwp%2Fv2%2Fcategories&post=21228"},{"taxonomy":"post_tag","embeddable":true,"href":"https:\/\/wgphoto.pl\/t\/index.php?rest_route=%2Fwp%2Fv2%2Ftags&post=21228"}],"curies":[{"name":"wp","href":"https:\/\/api.w.org\/{rel}","templated":true}]}}