{"id":21240,"date":"2025-07-30T11:05:53","date_gmt":"2025-07-30T09:05:53","guid":{"rendered":"https:\/\/wgphoto.pl\/t\/?p=21240"},"modified":"2025-07-30T11:05:53","modified_gmt":"2025-07-30T09:05:53","slug":"et21-331-wroclaw-glowny","status":"publish","type":"post","link":"https:\/\/wgphoto.pl\/t\/?p=21240","title":{"rendered":"ET21-331, Wroc\u0142aw G\u0142\u00f3wny"},"content":{"rendered":"\n<figure class=\"wp-block-image aligncenter size-full\"><img loading=\"lazy\" decoding=\"async\" width=\"1400\" height=\"911\" src=\"https:\/\/wgphoto.pl\/t\/wp-content\/uploads\/2025\/07\/2001p-27_rsn.jpg\" alt=\"\" class=\"wp-image-21241\" srcset=\"https:\/\/wgphoto.pl\/t\/wp-content\/uploads\/2025\/07\/2001p-27_rsn.jpg 1400w, https:\/\/wgphoto.pl\/t\/wp-content\/uploads\/2025\/07\/2001p-27_rsn-300x195.jpg 300w, https:\/\/wgphoto.pl\/t\/wp-content\/uploads\/2025\/07\/2001p-27_rsn-768x500.jpg 768w\" sizes=\"auto, (max-width: 1400px) 100vw, 1400px\" \/><\/figure>\n\n\n\n<div class=\"wp-block-group has-global-padding is-layout-constrained wp-block-group-is-layout-constrained\">\n<p>Sputnik ET21-331 z poci\u0105giem pospiesznym 61100 &#8222;Sudety&#8221; z Jeleniej G\u00f3ry do Warszawy Wschodniej sfotografowany we Wroc\u0142awiu G\u0142\u00f3wnym. 29.07.2001<\/p>\n<\/div>\n","protected":false},"excerpt":{"rendered":"<p>Sputnik ET21-331 z poci\u0105giem pospiesznym 61100 &#8222;Sudety&#8221; z Jeleniej G\u00f3ry do Warszawy Wschodniej sfotografowany we Wroc\u0142awiu G\u0142\u00f3wnym. 29.07.2001<\/p>\n","protected":false},"author":1,"featured_media":21241,"comment_status":"open","ping_status":"","sticky":false,"template":"","format":"standard","meta":{"footnotes":""},"categories":[62,2,940],"tags":[4398,198,63,27,200,41,180],"class_list":["post-21240","post","type-post","status-publish","format-standard","has-post-thumbnail","hentry","category-analog","category-kolej","category-rok-2001","tag-2001-07-29","tag-et21","tag-pkp","tag-polska","tag-tab-pl240","tag-wroclaw","tag-wroclaw-glowny"],"_links":{"self":[{"href":"https:\/\/wgphoto.pl\/t\/index.php?rest_route=\/wp\/v2\/posts\/21240","targetHints":{"allow":["GET"]}}],"collection":[{"href":"https:\/\/wgphoto.pl\/t\/index.php?rest_route=\/wp\/v2\/posts"}],"about":[{"href":"https:\/\/wgphoto.pl\/t\/index.php?rest_route=\/wp\/v2\/types\/post"}],"author":[{"embeddable":true,"href":"https:\/\/wgphoto.pl\/t\/index.php?rest_route=\/wp\/v2\/users\/1"}],"replies":[{"embeddable":true,"href":"https:\/\/wgphoto.pl\/t\/index.php?rest_route=%2Fwp%2Fv2%2Fcomments&post=21240"}],"version-history":[{"count":1,"href":"https:\/\/wgphoto.pl\/t\/index.php?rest_route=\/wp\/v2\/posts\/21240\/revisions"}],"predecessor-version":[{"id":21242,"href":"https:\/\/wgphoto.pl\/t\/index.php?rest_route=\/wp\/v2\/posts\/21240\/revisions\/21242"}],"wp:featuredmedia":[{"embeddable":true,"href":"https:\/\/wgphoto.pl\/t\/index.php?rest_route=\/wp\/v2\/media\/21241"}],"wp:attachment":[{"href":"https:\/\/wgphoto.pl\/t\/index.php?rest_route=%2Fwp%2Fv2%2Fmedia&parent=21240"}],"wp:term":[{"taxonomy":"category","embeddable":true,"href":"https:\/\/wgphoto.pl\/t\/index.php?rest_route=%2Fwp%2Fv2%2Fcategories&post=21240"},{"taxonomy":"post_tag","embeddable":true,"href":"https:\/\/wgphoto.pl\/t\/index.php?rest_route=%2Fwp%2Fv2%2Ftags&post=21240"}],"curies":[{"name":"wp","href":"https:\/\/api.w.org\/{rel}","templated":true}]}}