{"id":21252,"date":"2025-07-30T15:27:51","date_gmt":"2025-07-30T13:27:51","guid":{"rendered":"https:\/\/wgphoto.pl\/t\/?p=21252"},"modified":"2025-07-30T17:03:08","modified_gmt":"2025-07-30T15:03:08","slug":"wychodzone-ujecie","status":"publish","type":"post","link":"https:\/\/wgphoto.pl\/t\/?p=21252","title":{"rendered":"Uj\u0119cie z cerkiewk\u0105"},"content":{"rendered":"\n<figure class=\"wp-block-image aligncenter size-full\"><img loading=\"lazy\" decoding=\"async\" width=\"1400\" height=\"933\" src=\"https:\/\/wgphoto.pl\/t\/wp-content\/uploads\/2025\/07\/IMGP1887.jpg\" alt=\"\" class=\"wp-image-21253\" srcset=\"https:\/\/wgphoto.pl\/t\/wp-content\/uploads\/2025\/07\/IMGP1887.jpg 1400w, https:\/\/wgphoto.pl\/t\/wp-content\/uploads\/2025\/07\/IMGP1887-300x200.jpg 300w, https:\/\/wgphoto.pl\/t\/wp-content\/uploads\/2025\/07\/IMGP1887-768x512.jpg 768w\" sizes=\"auto, (max-width: 1400px) 100vw, 1400px\" \/><\/figure>\n\n\n\n<div class=\"wp-block-group has-global-padding is-layout-constrained wp-block-group-is-layout-constrained\">\n<p>Nieznany z numer\u00f3w &#8222;Plechacz&#8221; (niestety nie odczytam z orygina\u0142u) z poci\u0105giem 2614 z Warny do Sofii mija miejscowo\u015b\u0107 Elisejna w dolinie rzeki Iskar. Takie uj\u0119cie wychodzi\u0142em zagl\u0105daj\u0105c w ka\u017cd\u0105 mo\u017cliw\u0105 luk\u0119 w\u015br\u00f3d zabudowa\u0144 i krzak\u00f3w, i nie uda\u0142o mi si\u0119 bardziej wyeksponowa\u0107 tej pi\u0119knej cerkwi, ale i tak jestem zadowolony. 31.03.2025<\/p>\n<\/div>\n","protected":false},"excerpt":{"rendered":"<p>Nieznany z numer\u00f3w &#8222;Plechacz&#8221; (niestety nie odczytam z orygina\u0142u) z poci\u0105giem 2614 z Warny do Sofii mija miejscowo\u015b\u0107 Elisejna w dolinie rzeki Iskar. Takie uj\u0119cie wychodzi\u0142em zagl\u0105daj\u0105c w ka\u017cd\u0105 mo\u017cliw\u0105 luk\u0119 w\u015br\u00f3d zabudowa\u0144 i krzak\u00f3w, i nie uda\u0142o mi si\u0119 bardziej wyeksponowa\u0107 tej pi\u0119knej cerkwi, ale i tak jestem zadowolony. 31.03.2025<\/p>\n","protected":false},"author":1,"featured_media":21253,"comment_status":"open","ping_status":"","sticky":false,"template":"","format":"standard","meta":{"footnotes":""},"categories":[2,3208],"tags":[3594,1340,838,3595,4399,118,73],"class_list":["post-21252","post","type-post","status-publish","format-standard","has-post-thumbnail","hentry","category-kolej","category-rok-2025","tag-2025-03-31","tag-bdz","tag-bulgaria","tag-bulgaria-2025","tag-eliseyna","tag-plany-i-profile","tag-rzeka"],"_links":{"self":[{"href":"https:\/\/wgphoto.pl\/t\/index.php?rest_route=\/wp\/v2\/posts\/21252","targetHints":{"allow":["GET"]}}],"collection":[{"href":"https:\/\/wgphoto.pl\/t\/index.php?rest_route=\/wp\/v2\/posts"}],"about":[{"href":"https:\/\/wgphoto.pl\/t\/index.php?rest_route=\/wp\/v2\/types\/post"}],"author":[{"embeddable":true,"href":"https:\/\/wgphoto.pl\/t\/index.php?rest_route=\/wp\/v2\/users\/1"}],"replies":[{"embeddable":true,"href":"https:\/\/wgphoto.pl\/t\/index.php?rest_route=%2Fwp%2Fv2%2Fcomments&post=21252"}],"version-history":[{"count":2,"href":"https:\/\/wgphoto.pl\/t\/index.php?rest_route=\/wp\/v2\/posts\/21252\/revisions"}],"predecessor-version":[{"id":21255,"href":"https:\/\/wgphoto.pl\/t\/index.php?rest_route=\/wp\/v2\/posts\/21252\/revisions\/21255"}],"wp:featuredmedia":[{"embeddable":true,"href":"https:\/\/wgphoto.pl\/t\/index.php?rest_route=\/wp\/v2\/media\/21253"}],"wp:attachment":[{"href":"https:\/\/wgphoto.pl\/t\/index.php?rest_route=%2Fwp%2Fv2%2Fmedia&parent=21252"}],"wp:term":[{"taxonomy":"category","embeddable":true,"href":"https:\/\/wgphoto.pl\/t\/index.php?rest_route=%2Fwp%2Fv2%2Fcategories&post=21252"},{"taxonomy":"post_tag","embeddable":true,"href":"https:\/\/wgphoto.pl\/t\/index.php?rest_route=%2Fwp%2Fv2%2Ftags&post=21252"}],"curies":[{"name":"wp","href":"https:\/\/api.w.org\/{rel}","templated":true}]}}