{"id":21262,"date":"2025-07-30T22:32:20","date_gmt":"2025-07-30T20:32:20","guid":{"rendered":"https:\/\/wgphoto.pl\/t\/?p=21262"},"modified":"2025-07-30T22:32:20","modified_gmt":"2025-07-30T20:32:20","slug":"jasienica-dolna","status":"publish","type":"post","link":"https:\/\/wgphoto.pl\/t\/?p=21262","title":{"rendered":"Jasienica Dolna"},"content":{"rendered":"\n<figure class=\"wp-block-image aligncenter size-full\"><img loading=\"lazy\" decoding=\"async\" width=\"1300\" height=\"859\" src=\"https:\/\/wgphoto.pl\/t\/wp-content\/uploads\/2025\/07\/0407-27_rsn.jpg\" alt=\"\" class=\"wp-image-21263\" srcset=\"https:\/\/wgphoto.pl\/t\/wp-content\/uploads\/2025\/07\/0407-27_rsn.jpg 1300w, https:\/\/wgphoto.pl\/t\/wp-content\/uploads\/2025\/07\/0407-27_rsn-300x198.jpg 300w, https:\/\/wgphoto.pl\/t\/wp-content\/uploads\/2025\/07\/0407-27_rsn-768x507.jpg 768w\" sizes=\"auto, (max-width: 1300px) 100vw, 1300px\" \/><\/figure>\n\n\n\n<div class=\"wp-block-group has-global-padding is-layout-constrained wp-block-group-is-layout-constrained\">\n<p>SP42-067 z poci\u0105giem osobowym 9937 relacji Opole G\u0142\u00f3wne &#8211; Nysa zatrzymuje si\u0119 w Jasienicy Dolnej. 28.05.2004<\/p>\n<\/div>\n","protected":false},"excerpt":{"rendered":"<p>SP42-067 z poci\u0105giem osobowym 9937 relacji Opole G\u0142\u00f3wne &#8211; Nysa zatrzymuje si\u0119 w Jasienicy Dolnej. 28.05.2004<\/p>\n","protected":false},"author":1,"featured_media":21263,"comment_status":"open","ping_status":"","sticky":false,"template":"","format":"standard","meta":{"footnotes":""},"categories":[62,2,61],"tags":[2350,418,2381,63,27,316,312],"class_list":["post-21262","post","type-post","status-publish","format-standard","has-post-thumbnail","hentry","category-analog","category-kolej","category-rok-2004","tag-2004-05-28","tag-auto","tag-jasienica-dolna","tag-pkp","tag-polska","tag-sp42","tag-tab-pl202"],"_links":{"self":[{"href":"https:\/\/wgphoto.pl\/t\/index.php?rest_route=\/wp\/v2\/posts\/21262","targetHints":{"allow":["GET"]}}],"collection":[{"href":"https:\/\/wgphoto.pl\/t\/index.php?rest_route=\/wp\/v2\/posts"}],"about":[{"href":"https:\/\/wgphoto.pl\/t\/index.php?rest_route=\/wp\/v2\/types\/post"}],"author":[{"embeddable":true,"href":"https:\/\/wgphoto.pl\/t\/index.php?rest_route=\/wp\/v2\/users\/1"}],"replies":[{"embeddable":true,"href":"https:\/\/wgphoto.pl\/t\/index.php?rest_route=%2Fwp%2Fv2%2Fcomments&post=21262"}],"version-history":[{"count":1,"href":"https:\/\/wgphoto.pl\/t\/index.php?rest_route=\/wp\/v2\/posts\/21262\/revisions"}],"predecessor-version":[{"id":21264,"href":"https:\/\/wgphoto.pl\/t\/index.php?rest_route=\/wp\/v2\/posts\/21262\/revisions\/21264"}],"wp:featuredmedia":[{"embeddable":true,"href":"https:\/\/wgphoto.pl\/t\/index.php?rest_route=\/wp\/v2\/media\/21263"}],"wp:attachment":[{"href":"https:\/\/wgphoto.pl\/t\/index.php?rest_route=%2Fwp%2Fv2%2Fmedia&parent=21262"}],"wp:term":[{"taxonomy":"category","embeddable":true,"href":"https:\/\/wgphoto.pl\/t\/index.php?rest_route=%2Fwp%2Fv2%2Fcategories&post=21262"},{"taxonomy":"post_tag","embeddable":true,"href":"https:\/\/wgphoto.pl\/t\/index.php?rest_route=%2Fwp%2Fv2%2Ftags&post=21262"}],"curies":[{"name":"wp","href":"https:\/\/api.w.org\/{rel}","templated":true}]}}