{"id":21271,"date":"2025-07-30T22:34:59","date_gmt":"2025-07-30T20:34:59","guid":{"rendered":"https:\/\/wgphoto.pl\/t\/?p=21271"},"modified":"2025-07-30T22:34:59","modified_gmt":"2025-07-30T20:34:59","slug":"teatrul-ioan-slavici","status":"publish","type":"post","link":"https:\/\/wgphoto.pl\/t\/?p=21271","title":{"rendered":"Teatrul Ioan Slavici"},"content":{"rendered":"\n<figure class=\"wp-block-image aligncenter size-full\"><img loading=\"lazy\" decoding=\"async\" width=\"1300\" height=\"813\" src=\"https:\/\/wgphoto.pl\/t\/wp-content\/uploads\/2025\/07\/IMGP2087.jpg\" alt=\"\" class=\"wp-image-21272\" srcset=\"https:\/\/wgphoto.pl\/t\/wp-content\/uploads\/2025\/07\/IMGP2087.jpg 1300w, https:\/\/wgphoto.pl\/t\/wp-content\/uploads\/2025\/07\/IMGP2087-300x188.jpg 300w, https:\/\/wgphoto.pl\/t\/wp-content\/uploads\/2025\/07\/IMGP2087-768x480.jpg 768w\" sizes=\"auto, (max-width: 1300px) 100vw, 1300px\" \/><\/figure>\n\n\n\n<div class=\"wp-block-group has-global-padding is-layout-constrained wp-block-group-is-layout-constrained\">\n<p>Arad, Bulevardul Revolu\u021biei. Wagony GT8 1854 (ex-Essen) i n\u00f3wka Astra Imperio Arad 1504 na je\u017adzie pr\u00f3bnej mijaj\u0105 si\u0119 pod Teatrem im. Ioana Slaviciego, rumu\u0144skiego pisarza i dziennikarza \u017cyj\u0105cego na prze\u0142omie XIX i XX wieku. 19.08.2015<\/p>\n<\/div>\n","protected":false},"excerpt":{"rendered":"<p>Arad, Bulevardul Revolu\u021biei. Wagony GT8 1854 (ex-Essen) i n\u00f3wka Astra Imperio Arad 1504 na je\u017adzie pr\u00f3bnej mijaj\u0105 si\u0119 pod Teatrem im. Ioana Slaviciego, rumu\u0144skiego pisarza i dziennikarza \u017cyj\u0105cego na prze\u0142omie XIX i XX wieku. 19.08.2015<\/p>\n","protected":false},"author":1,"featured_media":21272,"comment_status":"open","ping_status":"","sticky":false,"template":"","format":"standard","meta":{"footnotes":""},"categories":[104,3],"tags":[1173,1178,34,2917,1177,238,389,574,107],"class_list":["post-21271","post","type-post","status-publish","format-standard","has-post-thumbnail","hentry","category-rok-2015","category-tramwaj","tag-2015-08-19","tag-arad","tag-architektura","tag-astra-imperio","tag-ctp-arad","tag-gt8","tag-mijanka","tag-rumunia","tag-wakacje-2015"],"_links":{"self":[{"href":"https:\/\/wgphoto.pl\/t\/index.php?rest_route=\/wp\/v2\/posts\/21271","targetHints":{"allow":["GET"]}}],"collection":[{"href":"https:\/\/wgphoto.pl\/t\/index.php?rest_route=\/wp\/v2\/posts"}],"about":[{"href":"https:\/\/wgphoto.pl\/t\/index.php?rest_route=\/wp\/v2\/types\/post"}],"author":[{"embeddable":true,"href":"https:\/\/wgphoto.pl\/t\/index.php?rest_route=\/wp\/v2\/users\/1"}],"replies":[{"embeddable":true,"href":"https:\/\/wgphoto.pl\/t\/index.php?rest_route=%2Fwp%2Fv2%2Fcomments&post=21271"}],"version-history":[{"count":1,"href":"https:\/\/wgphoto.pl\/t\/index.php?rest_route=\/wp\/v2\/posts\/21271\/revisions"}],"predecessor-version":[{"id":21273,"href":"https:\/\/wgphoto.pl\/t\/index.php?rest_route=\/wp\/v2\/posts\/21271\/revisions\/21273"}],"wp:featuredmedia":[{"embeddable":true,"href":"https:\/\/wgphoto.pl\/t\/index.php?rest_route=\/wp\/v2\/media\/21272"}],"wp:attachment":[{"href":"https:\/\/wgphoto.pl\/t\/index.php?rest_route=%2Fwp%2Fv2%2Fmedia&parent=21271"}],"wp:term":[{"taxonomy":"category","embeddable":true,"href":"https:\/\/wgphoto.pl\/t\/index.php?rest_route=%2Fwp%2Fv2%2Fcategories&post=21271"},{"taxonomy":"post_tag","embeddable":true,"href":"https:\/\/wgphoto.pl\/t\/index.php?rest_route=%2Fwp%2Fv2%2Ftags&post=21271"}],"curies":[{"name":"wp","href":"https:\/\/api.w.org\/{rel}","templated":true}]}}