{"id":21277,"date":"2025-07-30T22:37:12","date_gmt":"2025-07-30T20:37:12","guid":{"rendered":"https:\/\/wgphoto.pl\/t\/?p=21277"},"modified":"2025-07-30T22:37:39","modified_gmt":"2025-07-30T20:37:39","slug":"dzien-dziecka","status":"publish","type":"post","link":"https:\/\/wgphoto.pl\/t\/?p=21277","title":{"rendered":"Dzie\u0144 dziecka"},"content":{"rendered":"\n<figure class=\"wp-block-image aligncenter size-full\"><img loading=\"lazy\" decoding=\"async\" width=\"1300\" height=\"861\" src=\"https:\/\/wgphoto.pl\/t\/wp-content\/uploads\/2025\/07\/IMGP3339.jpg\" alt=\"\" class=\"wp-image-21278\" srcset=\"https:\/\/wgphoto.pl\/t\/wp-content\/uploads\/2025\/07\/IMGP3339.jpg 1300w, https:\/\/wgphoto.pl\/t\/wp-content\/uploads\/2025\/07\/IMGP3339-300x199.jpg 300w, https:\/\/wgphoto.pl\/t\/wp-content\/uploads\/2025\/07\/IMGP3339-768x509.jpg 768w\" sizes=\"auto, (max-width: 1300px) 100vw, 1300px\" \/><\/figure>\n\n\n\n<div class=\"wp-block-group has-global-padding is-layout-constrained wp-block-group-is-layout-constrained\">\n<p>Wagon 0041 odje\u017cd\u017ca z przystanku Landhausstra\u00dfe w Strausbergu, a miejscowy mlad\u00edk szuka rozrywki pr\u00f3buj\u0105c trafi\u0107 w przycisk na burcie ruszaj\u0105cego pojazdu. 15.09.2021<\/p>\n<\/div>\n","protected":false},"excerpt":{"rendered":"<p>Wagon 0041 odje\u017cd\u017ca z przystanku Landhausstra\u00dfe w Strausbergu, a miejscowy mlad\u00edk szuka rozrywki pr\u00f3buj\u0105c trafi\u0107 w przycisk na burcie ruszaj\u0105cego pojazdu. 15.09.2021<\/p>\n","protected":false},"author":1,"featured_media":21278,"comment_status":"open","ping_status":"","sticky":false,"template":"","format":"standard","meta":{"footnotes":""},"categories":[681,3],"tags":[2579,639,1629,173,151,23,2202,219,641,561],"class_list":["post-21277","post","type-post","status-publish","format-standard","has-post-thumbnail","hentry","category-rok-2021","category-tramwaj","tag-2021-09-15","tag-berlin","tag-bombardier-flexity-berlin","tag-koncowki","tag-ludzie","tag-niemcy","tag-niemieckie-wakacje-2021","tag-przystanek","tag-strausberg","tag-tramwaj-podmiejski"],"_links":{"self":[{"href":"https:\/\/wgphoto.pl\/t\/index.php?rest_route=\/wp\/v2\/posts\/21277","targetHints":{"allow":["GET"]}}],"collection":[{"href":"https:\/\/wgphoto.pl\/t\/index.php?rest_route=\/wp\/v2\/posts"}],"about":[{"href":"https:\/\/wgphoto.pl\/t\/index.php?rest_route=\/wp\/v2\/types\/post"}],"author":[{"embeddable":true,"href":"https:\/\/wgphoto.pl\/t\/index.php?rest_route=\/wp\/v2\/users\/1"}],"replies":[{"embeddable":true,"href":"https:\/\/wgphoto.pl\/t\/index.php?rest_route=%2Fwp%2Fv2%2Fcomments&post=21277"}],"version-history":[{"count":1,"href":"https:\/\/wgphoto.pl\/t\/index.php?rest_route=\/wp\/v2\/posts\/21277\/revisions"}],"predecessor-version":[{"id":21279,"href":"https:\/\/wgphoto.pl\/t\/index.php?rest_route=\/wp\/v2\/posts\/21277\/revisions\/21279"}],"wp:featuredmedia":[{"embeddable":true,"href":"https:\/\/wgphoto.pl\/t\/index.php?rest_route=\/wp\/v2\/media\/21278"}],"wp:attachment":[{"href":"https:\/\/wgphoto.pl\/t\/index.php?rest_route=%2Fwp%2Fv2%2Fmedia&parent=21277"}],"wp:term":[{"taxonomy":"category","embeddable":true,"href":"https:\/\/wgphoto.pl\/t\/index.php?rest_route=%2Fwp%2Fv2%2Fcategories&post=21277"},{"taxonomy":"post_tag","embeddable":true,"href":"https:\/\/wgphoto.pl\/t\/index.php?rest_route=%2Fwp%2Fv2%2Ftags&post=21277"}],"curies":[{"name":"wp","href":"https:\/\/api.w.org\/{rel}","templated":true}]}}