{"id":21283,"date":"2025-07-30T22:40:05","date_gmt":"2025-07-30T20:40:05","guid":{"rendered":"https:\/\/wgphoto.pl\/t\/?p=21283"},"modified":"2025-07-30T22:40:05","modified_gmt":"2025-07-30T20:40:05","slug":"kralovec-jeszcze-w-regularnym-rozkladzie-cd","status":"publish","type":"post","link":"https:\/\/wgphoto.pl\/t\/?p=21283","title":{"rendered":"Kr\u00e1lovec jeszcze w regularnym rozk\u0142adzie \u010cD"},"content":{"rendered":"\n<figure class=\"wp-block-image aligncenter size-full\"><img loading=\"lazy\" decoding=\"async\" width=\"1300\" height=\"861\" src=\"https:\/\/wgphoto.pl\/t\/wp-content\/uploads\/2025\/07\/2002L_24_rsn.jpg\" alt=\"\" class=\"wp-image-21284\" srcset=\"https:\/\/wgphoto.pl\/t\/wp-content\/uploads\/2025\/07\/2002L_24_rsn.jpg 1300w, https:\/\/wgphoto.pl\/t\/wp-content\/uploads\/2025\/07\/2002L_24_rsn-300x199.jpg 300w, https:\/\/wgphoto.pl\/t\/wp-content\/uploads\/2025\/07\/2002L_24_rsn-768x509.jpg 768w\" sizes=\"auto, (max-width: 1300px) 100vw, 1300px\" \/><\/figure>\n\n\n\n<div class=\"wp-block-group has-global-padding is-layout-constrained wp-block-group-is-layout-constrained\">\n<p>810.545 jako poci\u0105g osobowy relacji \u017dacl\u00e9\u0159 &#8211; Trutnov hl.n. wje\u017cd\u017ca do Kr\u00e1lovca, gdzie zmieni kierunek jazdy po raz pierwszy (drugi b\u0119dzie w Trutnovie-Po\u0159\u00ed\u010d\u00ed). W tle widoczny jest jeszcze nawet kszta\u0142towy wjazd do stacji, ale nie pami\u0119tam, czy by\u0142a ona jeszcze wtedy obsadzona. 01.06.2002<\/p>\n<\/div>\n","protected":false},"excerpt":{"rendered":"<p>810.545 jako poci\u0105g osobowy relacji \u017dacl\u00e9\u0159 &#8211; Trutnov hl.n. wje\u017cd\u017ca do Kr\u00e1lovca, gdzie zmieni kierunek jazdy po raz pierwszy (drugi b\u0119dzie w Trutnovie-Po\u0159\u00ed\u010d\u00ed). W tle widoczny jest jeszcze nawet kszta\u0142towy wjazd do stacji, ale nie pami\u0119tam, czy by\u0142a ona jeszcze wtedy obsadzona. 01.06.2002<\/p>\n","protected":false},"author":1,"featured_media":21284,"comment_status":"open","ping_status":"","sticky":false,"template":"","format":"standard","meta":{"footnotes":""},"categories":[62,2,577],"tags":[3916,92,50,49,3140,196,94,3141],"class_list":["post-21283","post","type-post","status-publish","format-standard","has-post-thumbnail","hentry","category-analog","category-kolej","category-rok-2002","tag-2002-06-01","tag-92","tag-cd","tag-czechy","tag-kralovec","tag-linie-raczej-lokalne","tag-na-kolejowym-koncu-swiata","tag-tab-cz043"],"_links":{"self":[{"href":"https:\/\/wgphoto.pl\/t\/index.php?rest_route=\/wp\/v2\/posts\/21283","targetHints":{"allow":["GET"]}}],"collection":[{"href":"https:\/\/wgphoto.pl\/t\/index.php?rest_route=\/wp\/v2\/posts"}],"about":[{"href":"https:\/\/wgphoto.pl\/t\/index.php?rest_route=\/wp\/v2\/types\/post"}],"author":[{"embeddable":true,"href":"https:\/\/wgphoto.pl\/t\/index.php?rest_route=\/wp\/v2\/users\/1"}],"replies":[{"embeddable":true,"href":"https:\/\/wgphoto.pl\/t\/index.php?rest_route=%2Fwp%2Fv2%2Fcomments&post=21283"}],"version-history":[{"count":1,"href":"https:\/\/wgphoto.pl\/t\/index.php?rest_route=\/wp\/v2\/posts\/21283\/revisions"}],"predecessor-version":[{"id":21285,"href":"https:\/\/wgphoto.pl\/t\/index.php?rest_route=\/wp\/v2\/posts\/21283\/revisions\/21285"}],"wp:featuredmedia":[{"embeddable":true,"href":"https:\/\/wgphoto.pl\/t\/index.php?rest_route=\/wp\/v2\/media\/21284"}],"wp:attachment":[{"href":"https:\/\/wgphoto.pl\/t\/index.php?rest_route=%2Fwp%2Fv2%2Fmedia&parent=21283"}],"wp:term":[{"taxonomy":"category","embeddable":true,"href":"https:\/\/wgphoto.pl\/t\/index.php?rest_route=%2Fwp%2Fv2%2Fcategories&post=21283"},{"taxonomy":"post_tag","embeddable":true,"href":"https:\/\/wgphoto.pl\/t\/index.php?rest_route=%2Fwp%2Fv2%2Ftags&post=21283"}],"curies":[{"name":"wp","href":"https:\/\/api.w.org\/{rel}","templated":true}]}}