{"id":21286,"date":"2025-07-30T22:41:03","date_gmt":"2025-07-30T20:41:03","guid":{"rendered":"https:\/\/wgphoto.pl\/t\/?p=21286"},"modified":"2025-07-30T22:41:03","modified_gmt":"2025-07-30T20:41:03","slug":"plzen-valcha","status":"publish","type":"post","link":"https:\/\/wgphoto.pl\/t\/?p=21286","title":{"rendered":"Plze\u0148-Valcha"},"content":{"rendered":"\n<figure class=\"wp-block-image aligncenter size-full\"><img loading=\"lazy\" decoding=\"async\" width=\"1300\" height=\"870\" src=\"https:\/\/wgphoto.pl\/t\/wp-content\/uploads\/2025\/07\/IMGP0431-1.jpg\" alt=\"\" class=\"wp-image-21287\" srcset=\"https:\/\/wgphoto.pl\/t\/wp-content\/uploads\/2025\/07\/IMGP0431-1.jpg 1300w, https:\/\/wgphoto.pl\/t\/wp-content\/uploads\/2025\/07\/IMGP0431-1-300x201.jpg 300w, https:\/\/wgphoto.pl\/t\/wp-content\/uploads\/2025\/07\/IMGP0431-1-768x514.jpg 768w\" sizes=\"auto, (max-width: 1300px) 100vw, 1300px\" \/><\/figure>\n\n\n\n<div class=\"wp-block-group has-global-padding is-layout-constrained wp-block-group-is-layout-constrained\">\n<p>242.263 na ko\u0144cu poci\u0105gu osobowego 7525 relacji Plze\u0148-Valcha &#8211; Plze\u0148 hl.n. Z przodu sk\u0142adu stoi nurek 754.059. Nominalnie poci\u0105g powinien jecha\u0107 z Klatov, lecz na odcinku Dob\u0159any &#8211; Plze\u0148-Valcha trwa\u0142o akurat planowe zamkni\u0119cie jednotorowego szlaku. Sk\u0142ad ze zdj\u0119cia czeka na przyjazd komunikacji zast\u0119pczej. 14.04.2011<\/p>\n<\/div>\n","protected":false},"excerpt":{"rendered":"<p>242.263 na ko\u0144cu poci\u0105gu osobowego 7525 relacji Plze\u0148-Valcha &#8211; Plze\u0148 hl.n. Z przodu sk\u0142adu stoi nurek 754.059. Nominalnie poci\u0105g powinien jecha\u0107 z Klatov, lecz na odcinku Dob\u0159any &#8211; Plze\u0148-Valcha trwa\u0142o akurat planowe zamkni\u0119cie jednotorowego szlaku. Sk\u0142ad ze zdj\u0119cia czeka na przyjazd komunikacji zast\u0119pczej. 14.04.2011<\/p>\n","protected":false},"author":1,"featured_media":21287,"comment_status":"open","ping_status":"","sticky":false,"template":"","format":"standard","meta":{"footnotes":""},"categories":[2,77],"tags":[456,305,50,49,173,1675,2158,522,90],"class_list":["post-21286","post","type-post","status-publish","format-standard","has-post-thumbnail","hentry","category-kolej","category-rok-2011","tag-2011-04-14","tag-305","tag-cd","tag-czechy","tag-koncowki","tag-pilzno","tag-plzen-valcha","tag-tab-cz183","tag-wieczorem"],"_links":{"self":[{"href":"https:\/\/wgphoto.pl\/t\/index.php?rest_route=\/wp\/v2\/posts\/21286","targetHints":{"allow":["GET"]}}],"collection":[{"href":"https:\/\/wgphoto.pl\/t\/index.php?rest_route=\/wp\/v2\/posts"}],"about":[{"href":"https:\/\/wgphoto.pl\/t\/index.php?rest_route=\/wp\/v2\/types\/post"}],"author":[{"embeddable":true,"href":"https:\/\/wgphoto.pl\/t\/index.php?rest_route=\/wp\/v2\/users\/1"}],"replies":[{"embeddable":true,"href":"https:\/\/wgphoto.pl\/t\/index.php?rest_route=%2Fwp%2Fv2%2Fcomments&post=21286"}],"version-history":[{"count":1,"href":"https:\/\/wgphoto.pl\/t\/index.php?rest_route=\/wp\/v2\/posts\/21286\/revisions"}],"predecessor-version":[{"id":21288,"href":"https:\/\/wgphoto.pl\/t\/index.php?rest_route=\/wp\/v2\/posts\/21286\/revisions\/21288"}],"wp:featuredmedia":[{"embeddable":true,"href":"https:\/\/wgphoto.pl\/t\/index.php?rest_route=\/wp\/v2\/media\/21287"}],"wp:attachment":[{"href":"https:\/\/wgphoto.pl\/t\/index.php?rest_route=%2Fwp%2Fv2%2Fmedia&parent=21286"}],"wp:term":[{"taxonomy":"category","embeddable":true,"href":"https:\/\/wgphoto.pl\/t\/index.php?rest_route=%2Fwp%2Fv2%2Fcategories&post=21286"},{"taxonomy":"post_tag","embeddable":true,"href":"https:\/\/wgphoto.pl\/t\/index.php?rest_route=%2Fwp%2Fv2%2Ftags&post=21286"}],"curies":[{"name":"wp","href":"https:\/\/api.w.org\/{rel}","templated":true}]}}