{"id":21289,"date":"2025-07-30T22:41:57","date_gmt":"2025-07-30T20:41:57","guid":{"rendered":"https:\/\/wgphoto.pl\/t\/?p=21289"},"modified":"2025-07-30T22:41:57","modified_gmt":"2025-07-30T20:41:57","slug":"zdarec-u-skutce","status":"publish","type":"post","link":"https:\/\/wgphoto.pl\/t\/?p=21289","title":{"rendered":"\u017d\u010f\u00e1rec u Skut\u010de"},"content":{"rendered":"\n<figure class=\"wp-block-image aligncenter size-full\"><img loading=\"lazy\" decoding=\"async\" width=\"1300\" height=\"870\" src=\"https:\/\/wgphoto.pl\/t\/wp-content\/uploads\/2025\/07\/IMGP7872.jpg\" alt=\"\" class=\"wp-image-21290\" srcset=\"https:\/\/wgphoto.pl\/t\/wp-content\/uploads\/2025\/07\/IMGP7872.jpg 1300w, https:\/\/wgphoto.pl\/t\/wp-content\/uploads\/2025\/07\/IMGP7872-300x201.jpg 300w, https:\/\/wgphoto.pl\/t\/wp-content\/uploads\/2025\/07\/IMGP7872-768x514.jpg 768w\" sizes=\"auto, (max-width: 1300px) 100vw, 1300px\" \/><\/figure>\n\n\n\n<div class=\"wp-block-group has-global-padding is-layout-constrained wp-block-group-is-layout-constrained\">\n<p>742.043 z poci\u0105giem pospiesznym 1180 &#8222;Doubrva&#8221; relacji Jihlava &#8211; Pardubice hl.n. wje\u017cd\u017ca na stacj\u0119 \u017d\u010f\u00e1rec u Skut\u010de. Z dzisiejszego punktu widzenia taki sk\u0142ad prezentuje si\u0119 dosy\u0107 egzotycznie, ale to tylko pokazuje, jak bardzo taborowo zmieni\u0142a si\u0119 czeska kolej. 23.07.2009<\/p>\n<\/div>\n","protected":false},"excerpt":{"rendered":"<p>742.043 z poci\u0105giem pospiesznym 1180 &#8222;Doubrva&#8221; relacji Jihlava &#8211; Pardubice hl.n. wje\u017cd\u017ca na stacj\u0119 \u017d\u010f\u00e1rec u Skut\u010de. Z dzisiejszego punktu widzenia taki sk\u0142ad prezentuje si\u0119 dosy\u0107 egzotycznie, ale to tylko pokazuje, jak bardzo taborowo zmieni\u0142a si\u0119 czeska kolej. 23.07.2009<\/p>\n","protected":false},"author":1,"featured_media":21290,"comment_status":"open","ping_status":"","sticky":false,"template":"","format":"standard","meta":{"footnotes":""},"categories":[2,169],"tags":[287,496,50,49,4405,4404],"class_list":["post-21289","post","type-post","status-publish","format-standard","has-post-thumbnail","hentry","category-kolej","category-rok-2009","tag-2009-07-23","tag-496","tag-cd","tag-czechy","tag-tab-cz238","tag-zdarec-u-skutce"],"_links":{"self":[{"href":"https:\/\/wgphoto.pl\/t\/index.php?rest_route=\/wp\/v2\/posts\/21289","targetHints":{"allow":["GET"]}}],"collection":[{"href":"https:\/\/wgphoto.pl\/t\/index.php?rest_route=\/wp\/v2\/posts"}],"about":[{"href":"https:\/\/wgphoto.pl\/t\/index.php?rest_route=\/wp\/v2\/types\/post"}],"author":[{"embeddable":true,"href":"https:\/\/wgphoto.pl\/t\/index.php?rest_route=\/wp\/v2\/users\/1"}],"replies":[{"embeddable":true,"href":"https:\/\/wgphoto.pl\/t\/index.php?rest_route=%2Fwp%2Fv2%2Fcomments&post=21289"}],"version-history":[{"count":1,"href":"https:\/\/wgphoto.pl\/t\/index.php?rest_route=\/wp\/v2\/posts\/21289\/revisions"}],"predecessor-version":[{"id":21291,"href":"https:\/\/wgphoto.pl\/t\/index.php?rest_route=\/wp\/v2\/posts\/21289\/revisions\/21291"}],"wp:featuredmedia":[{"embeddable":true,"href":"https:\/\/wgphoto.pl\/t\/index.php?rest_route=\/wp\/v2\/media\/21290"}],"wp:attachment":[{"href":"https:\/\/wgphoto.pl\/t\/index.php?rest_route=%2Fwp%2Fv2%2Fmedia&parent=21289"}],"wp:term":[{"taxonomy":"category","embeddable":true,"href":"https:\/\/wgphoto.pl\/t\/index.php?rest_route=%2Fwp%2Fv2%2Fcategories&post=21289"},{"taxonomy":"post_tag","embeddable":true,"href":"https:\/\/wgphoto.pl\/t\/index.php?rest_route=%2Fwp%2Fv2%2Ftags&post=21289"}],"curies":[{"name":"wp","href":"https:\/\/api.w.org\/{rel}","templated":true}]}}