{"id":2130,"date":"2024-10-08T19:57:15","date_gmt":"2024-10-08T17:57:15","guid":{"rendered":"https:\/\/wgphoto.pl\/t\/?p=2130"},"modified":"2024-10-08T19:57:15","modified_gmt":"2024-10-08T17:57:15","slug":"tramwajowy-koniec-europy","status":"publish","type":"post","link":"https:\/\/wgphoto.pl\/t\/?p=2130","title":{"rendered":"Tramwajowy koniec Europy"},"content":{"rendered":"\n<figure class=\"wp-block-image aligncenter size-full\"><img loading=\"lazy\" decoding=\"async\" width=\"700\" height=\"1050\" src=\"https:\/\/wgphoto.pl\/t\/wp-content\/uploads\/2024\/10\/IMGP0887.jpg\" alt=\"\" class=\"wp-image-2131\" srcset=\"https:\/\/wgphoto.pl\/t\/wp-content\/uploads\/2024\/10\/IMGP0887.jpg 700w, https:\/\/wgphoto.pl\/t\/wp-content\/uploads\/2024\/10\/IMGP0887-200x300.jpg 200w\" sizes=\"auto, (max-width: 700px) 100vw, 700px\" \/><\/figure>\n\n\n\n<div class=\"wp-block-group has-global-padding is-layout-constrained wp-block-group-is-layout-constrained\">\n<p>Trondheim, mijanka Bygrensen. Trondheim jest p\u00f3\u0142nocnym ko\u0144cem Europy, ale i ca\u0142ego \u015bwiata, je\u015bli chodzi o tramwaje. Ten kadr ca\u0142kiem nie\u017ale to podkre\u015bla, bo wygl\u0105da jakby powsta\u0142 rzeczywi\u015bcie na jakim\u015b ko\u0144cu \u015bwiata. 21.05.2011<\/p>\n<\/div>\n","protected":false},"excerpt":{"rendered":"<p>Trondheim, mijanka Bygrensen. Trondheim jest p\u00f3\u0142nocnym ko\u0144cem Europy, ale i ca\u0142ego \u015bwiata, je\u015bli chodzi o tramwaje. Ten kadr ca\u0142kiem nie\u017ale to podkre\u015bla, bo wygl\u0105da jakby powsta\u0142 rzeczywi\u015bcie na jakim\u015b ko\u0144cu \u015bwiata. 21.05.2011<\/p>\n","protected":false},"author":1,"featured_media":2131,"comment_status":"open","ping_status":"","sticky":false,"template":"","format":"standard","meta":{"footnotes":""},"categories":[128,77,3],"tags":[1116,1115,101,116,78,118,1117],"class_list":["post-2130","post","type-post","status-publish","format-standard","has-post-thumbnail","hentry","category-pionowe","category-rok-2011","category-tramwaj","tag-2011-05-21","tag-grakallbanen","tag-gt6","tag-morze","tag-norwegia","tag-plany-i-profile","tag-trondheim"],"_links":{"self":[{"href":"https:\/\/wgphoto.pl\/t\/index.php?rest_route=\/wp\/v2\/posts\/2130","targetHints":{"allow":["GET"]}}],"collection":[{"href":"https:\/\/wgphoto.pl\/t\/index.php?rest_route=\/wp\/v2\/posts"}],"about":[{"href":"https:\/\/wgphoto.pl\/t\/index.php?rest_route=\/wp\/v2\/types\/post"}],"author":[{"embeddable":true,"href":"https:\/\/wgphoto.pl\/t\/index.php?rest_route=\/wp\/v2\/users\/1"}],"replies":[{"embeddable":true,"href":"https:\/\/wgphoto.pl\/t\/index.php?rest_route=%2Fwp%2Fv2%2Fcomments&post=2130"}],"version-history":[{"count":1,"href":"https:\/\/wgphoto.pl\/t\/index.php?rest_route=\/wp\/v2\/posts\/2130\/revisions"}],"predecessor-version":[{"id":2132,"href":"https:\/\/wgphoto.pl\/t\/index.php?rest_route=\/wp\/v2\/posts\/2130\/revisions\/2132"}],"wp:featuredmedia":[{"embeddable":true,"href":"https:\/\/wgphoto.pl\/t\/index.php?rest_route=\/wp\/v2\/media\/2131"}],"wp:attachment":[{"href":"https:\/\/wgphoto.pl\/t\/index.php?rest_route=%2Fwp%2Fv2%2Fmedia&parent=2130"}],"wp:term":[{"taxonomy":"category","embeddable":true,"href":"https:\/\/wgphoto.pl\/t\/index.php?rest_route=%2Fwp%2Fv2%2Fcategories&post=2130"},{"taxonomy":"post_tag","embeddable":true,"href":"https:\/\/wgphoto.pl\/t\/index.php?rest_route=%2Fwp%2Fv2%2Ftags&post=2130"}],"curies":[{"name":"wp","href":"https:\/\/api.w.org\/{rel}","templated":true}]}}