{"id":21310,"date":"2025-07-31T14:33:40","date_gmt":"2025-07-31T12:33:40","guid":{"rendered":"https:\/\/wgphoto.pl\/t\/?p=21310"},"modified":"2025-07-31T14:33:40","modified_gmt":"2025-07-31T12:33:40","slug":"elektrocieplownia-hundertwassera2","status":"publish","type":"post","link":"https:\/\/wgphoto.pl\/t\/?p=21310","title":{"rendered":"Elektrociep\u0142ownia Hundertwassera(2)"},"content":{"rendered":"\n<figure class=\"wp-block-image aligncenter size-full\"><img loading=\"lazy\" decoding=\"async\" width=\"700\" height=\"1057\" src=\"https:\/\/wgphoto.pl\/t\/wp-content\/uploads\/2025\/07\/0612-12_rsn.jpg\" alt=\"\" class=\"wp-image-21311\" srcset=\"https:\/\/wgphoto.pl\/t\/wp-content\/uploads\/2025\/07\/0612-12_rsn.jpg 700w, https:\/\/wgphoto.pl\/t\/wp-content\/uploads\/2025\/07\/0612-12_rsn-199x300.jpg 199w\" sizes=\"auto, (max-width: 700px) 100vw, 700px\" \/><\/figure>\n\n\n\n<div class=\"wp-block-group has-global-padding is-layout-constrained wp-block-group-is-layout-constrained\">\n<p>Sk\u0142ad typu U1\/U11 na linii U4 zbli\u017ca si\u0119 do stacji Friedensbr\u00fccke w Wiedniu. W tle widoczny jest tytu\u0142owy obiekt, a podobne foto (nieco nowsze, cyfrowe) pojawi\u0142o si\u0119 tu ju\u017c kiedy\u015b. 01.07.2006<\/p>\n<\/div>\n","protected":false},"excerpt":{"rendered":"<p>Sk\u0142ad typu U1\/U11 na linii U4 zbli\u017ca si\u0119 do stacji Friedensbr\u00fccke w Wiedniu. W tle widoczny jest tytu\u0142owy obiekt, a podobne foto (nieco nowsze, cyfrowe) pojawi\u0142o si\u0119 tu ju\u017c kiedy\u015b. 01.07.2006<\/p>\n","protected":false},"author":1,"featured_media":21311,"comment_status":"open","ping_status":"","sticky":false,"template":"","format":"standard","meta":{"footnotes":""},"categories":[62,4,128,130],"tags":[4195,34,9,303,97,98],"class_list":["post-21310","post","type-post","status-publish","format-standard","has-post-thumbnail","hentry","category-analog","category-metro","category-pionowe","category-rok-2006","tag-2006-07-01","tag-architektura","tag-austria","tag-industrial","tag-wieden","tag-wiener-linien"],"_links":{"self":[{"href":"https:\/\/wgphoto.pl\/t\/index.php?rest_route=\/wp\/v2\/posts\/21310","targetHints":{"allow":["GET"]}}],"collection":[{"href":"https:\/\/wgphoto.pl\/t\/index.php?rest_route=\/wp\/v2\/posts"}],"about":[{"href":"https:\/\/wgphoto.pl\/t\/index.php?rest_route=\/wp\/v2\/types\/post"}],"author":[{"embeddable":true,"href":"https:\/\/wgphoto.pl\/t\/index.php?rest_route=\/wp\/v2\/users\/1"}],"replies":[{"embeddable":true,"href":"https:\/\/wgphoto.pl\/t\/index.php?rest_route=%2Fwp%2Fv2%2Fcomments&post=21310"}],"version-history":[{"count":1,"href":"https:\/\/wgphoto.pl\/t\/index.php?rest_route=\/wp\/v2\/posts\/21310\/revisions"}],"predecessor-version":[{"id":21312,"href":"https:\/\/wgphoto.pl\/t\/index.php?rest_route=\/wp\/v2\/posts\/21310\/revisions\/21312"}],"wp:featuredmedia":[{"embeddable":true,"href":"https:\/\/wgphoto.pl\/t\/index.php?rest_route=\/wp\/v2\/media\/21311"}],"wp:attachment":[{"href":"https:\/\/wgphoto.pl\/t\/index.php?rest_route=%2Fwp%2Fv2%2Fmedia&parent=21310"}],"wp:term":[{"taxonomy":"category","embeddable":true,"href":"https:\/\/wgphoto.pl\/t\/index.php?rest_route=%2Fwp%2Fv2%2Fcategories&post=21310"},{"taxonomy":"post_tag","embeddable":true,"href":"https:\/\/wgphoto.pl\/t\/index.php?rest_route=%2Fwp%2Fv2%2Ftags&post=21310"}],"curies":[{"name":"wp","href":"https:\/\/api.w.org\/{rel}","templated":true}]}}