{"id":21319,"date":"2025-07-31T14:36:53","date_gmt":"2025-07-31T12:36:53","guid":{"rendered":"https:\/\/wgphoto.pl\/t\/?p=21319"},"modified":"2025-07-31T14:36:53","modified_gmt":"2025-07-31T12:36:53","slug":"acas-acis-a-moze-akos","status":"publish","type":"post","link":"https:\/\/wgphoto.pl\/t\/?p=21319","title":{"rendered":"Ac\u00e2\u0219, Ac\u00ee\u0219, a mo\u017ce Akos?"},"content":{"rendered":"\n<figure class=\"wp-block-image aligncenter size-full\"><img loading=\"lazy\" decoding=\"async\" width=\"1300\" height=\"861\" src=\"https:\/\/wgphoto.pl\/t\/wp-content\/uploads\/2025\/07\/IMGP6975.jpg\" alt=\"\" class=\"wp-image-21320\" srcset=\"https:\/\/wgphoto.pl\/t\/wp-content\/uploads\/2025\/07\/IMGP6975.jpg 1300w, https:\/\/wgphoto.pl\/t\/wp-content\/uploads\/2025\/07\/IMGP6975-300x199.jpg 300w, https:\/\/wgphoto.pl\/t\/wp-content\/uploads\/2025\/07\/IMGP6975-768x509.jpg 768w\" sizes=\"auto, (max-width: 1300px) 100vw, 1300px\" \/><\/figure>\n\n\n\n<div class=\"wp-block-group has-global-padding is-layout-constrained wp-block-group-is-layout-constrained\">\n<p>Jimmy 64.0989 z poci\u0105giem IR366 &#8222;Harghita&#8221; z Braszowa do Budapesztu-Keleti mija na biegu stacj\u0119 Ac\u00e2\u0219 (po w\u0119giersku Akos, na budynku dworcowym widnieje nazwa dwuj\u0119zyczna), kt\u00f3rej dawna nazwa Ac\u00ee\u0219 prezentowana jest na nastawni wykonawczej. Podobne r\u00f3\u017cnice w nazewnictwie s\u0105 w Rumunii cz\u0119sto spotykane i wynikaj\u0105 zapewne ze stosunkowo niedawnej (czyli obstawiam kilkadzie\u015bci lat) reformy gramatycznej, zar\u00f3wno \u00e2 jak i \u00ee maj\u0105 bowiem podobn\u0105 wymow\u0119, zbli\u017con\u0105 do &#8222;i&#8221;. Wracaj\u0105c do sedna, poci\u0105gi dalekobie\u017cne pojawiaj\u0105 si\u0119 aktualnie na tej trasie (tj. mi\u0119dzy S\u0103rm\u0103\u0219ag a Carei) w liczbie dw\u00f3ch par dziennie, uzupe\u0142niaj\u0105c skromn\u0105 ofert\u0119 trzech par osob\u00f3wek. Przyczyn\u0105 skierowania ich na t\u0119 tras\u0119 jest trwaj\u0105ce w tym roku ca\u0142kowite zamkni\u0119cie na czas remontu linii z Klu\u017cu do Oradei. 19.05.2024<\/p>\n<\/div>\n","protected":false},"excerpt":{"rendered":"<p>Jimmy 64.0989 z poci\u0105giem IR366 &#8222;Harghita&#8221; z Braszowa do Budapesztu-Keleti mija na biegu stacj\u0119 Ac\u00e2\u0219 (po w\u0119giersku Akos, na budynku dworcowym widnieje nazwa dwuj\u0119zyczna), kt\u00f3rej dawna nazwa Ac\u00ee\u0219 prezentowana jest na nastawni wykonawczej. Podobne r\u00f3\u017cnice w nazewnictwie s\u0105 w Rumunii cz\u0119sto spotykane i wynikaj\u0105 zapewne ze stosunkowo niedawnej (czyli obstawiam kilkadzie\u015bci lat) reformy gramatycznej, zar\u00f3wno [&hellip;]<\/p>\n","protected":false},"author":1,"featured_media":21320,"comment_status":"open","ping_status":"","sticky":false,"template":"","format":"standard","meta":{"footnotes":""},"categories":[2,5],"tags":[4411,961,4412,958,1248,574,53],"class_list":["post-21319","post","type-post","status-publish","format-standard","has-post-thumbnail","hentry","category-kolej","category-2024r","tag-2024-05-19","tag-961","tag-acas","tag-cfr","tag-druga-majowka-2024","tag-rumunia","tag-sygnalizacja-ksztaltowa"],"_links":{"self":[{"href":"https:\/\/wgphoto.pl\/t\/index.php?rest_route=\/wp\/v2\/posts\/21319","targetHints":{"allow":["GET"]}}],"collection":[{"href":"https:\/\/wgphoto.pl\/t\/index.php?rest_route=\/wp\/v2\/posts"}],"about":[{"href":"https:\/\/wgphoto.pl\/t\/index.php?rest_route=\/wp\/v2\/types\/post"}],"author":[{"embeddable":true,"href":"https:\/\/wgphoto.pl\/t\/index.php?rest_route=\/wp\/v2\/users\/1"}],"replies":[{"embeddable":true,"href":"https:\/\/wgphoto.pl\/t\/index.php?rest_route=%2Fwp%2Fv2%2Fcomments&post=21319"}],"version-history":[{"count":1,"href":"https:\/\/wgphoto.pl\/t\/index.php?rest_route=\/wp\/v2\/posts\/21319\/revisions"}],"predecessor-version":[{"id":21321,"href":"https:\/\/wgphoto.pl\/t\/index.php?rest_route=\/wp\/v2\/posts\/21319\/revisions\/21321"}],"wp:featuredmedia":[{"embeddable":true,"href":"https:\/\/wgphoto.pl\/t\/index.php?rest_route=\/wp\/v2\/media\/21320"}],"wp:attachment":[{"href":"https:\/\/wgphoto.pl\/t\/index.php?rest_route=%2Fwp%2Fv2%2Fmedia&parent=21319"}],"wp:term":[{"taxonomy":"category","embeddable":true,"href":"https:\/\/wgphoto.pl\/t\/index.php?rest_route=%2Fwp%2Fv2%2Fcategories&post=21319"},{"taxonomy":"post_tag","embeddable":true,"href":"https:\/\/wgphoto.pl\/t\/index.php?rest_route=%2Fwp%2Fv2%2Ftags&post=21319"}],"curies":[{"name":"wp","href":"https:\/\/api.w.org\/{rel}","templated":true}]}}