{"id":21328,"date":"2025-07-31T14:40:17","date_gmt":"2025-07-31T12:40:17","guid":{"rendered":"https:\/\/wgphoto.pl\/t\/?p=21328"},"modified":"2025-07-31T14:40:17","modified_gmt":"2025-07-31T12:40:17","slug":"lech-czech-i-rus","status":"publish","type":"post","link":"https:\/\/wgphoto.pl\/t\/?p=21328","title":{"rendered":"Lech, Czech i Rus"},"content":{"rendered":"\n<figure class=\"wp-block-image aligncenter size-full\"><img loading=\"lazy\" decoding=\"async\" width=\"1300\" height=\"859\" src=\"https:\/\/wgphoto.pl\/t\/wp-content\/uploads\/2025\/07\/0713-02_rsn.jpg\" alt=\"\" class=\"wp-image-21329\" srcset=\"https:\/\/wgphoto.pl\/t\/wp-content\/uploads\/2025\/07\/0713-02_rsn.jpg 1300w, https:\/\/wgphoto.pl\/t\/wp-content\/uploads\/2025\/07\/0713-02_rsn-300x198.jpg 300w, https:\/\/wgphoto.pl\/t\/wp-content\/uploads\/2025\/07\/0713-02_rsn-768x507.jpg 768w\" sizes=\"auto, (max-width: 1300px) 100vw, 1300px\" \/><\/figure>\n\n\n\n<div class=\"wp-block-group has-global-padding is-layout-constrained wp-block-group-is-layout-constrained\">\n<p>EN71-30 jako poci\u0105g osobowy &#8222;Pog\u00f3rze&#8221; z W\u0119gli\u0144ca do Wroc\u0142awia G\u0142\u00f3wnego przez Jeleni\u0105 G\u00f3r\u0119 mija na stacji Bogusz\u00f3w-Gorce Skod\u0119 182.007 i Tamar\u0119 SM48-068 je\u017cd\u017c\u0105ce pod bander\u0105 Lotos Kolej. 07.06.2007<\/p>\n<\/div>\n","protected":false},"excerpt":{"rendered":"<p>EN71-30 jako poci\u0105g osobowy &#8222;Pog\u00f3rze&#8221; z W\u0119gli\u0144ca do Wroc\u0142awia G\u0142\u00f3wnego przez Jeleni\u0105 G\u00f3r\u0119 mija na stacji Bogusz\u00f3w-Gorce Skod\u0119 182.007 i Tamar\u0119 SM48-068 je\u017cd\u017c\u0105ce pod bander\u0105 Lotos Kolej. 07.06.2007<\/p>\n","protected":false},"author":1,"featured_media":21329,"comment_status":"open","ping_status":"","sticky":false,"template":"","format":"standard","meta":{"footnotes":""},"categories":[62,2,96],"tags":[2693,4415,1035,728,3783,63,27,1345,200],"class_list":["post-21328","post","type-post","status-publish","format-standard","has-post-thumbnail","hentry","category-analog","category-kolej","category-rok-2007","tag-2693","tag-2007-06-07","tag-boguszow-gorce","tag-en71","tag-lotos-kolej","tag-pkp","tag-polska","tag-sm48","tag-tab-pl240"],"_links":{"self":[{"href":"https:\/\/wgphoto.pl\/t\/index.php?rest_route=\/wp\/v2\/posts\/21328","targetHints":{"allow":["GET"]}}],"collection":[{"href":"https:\/\/wgphoto.pl\/t\/index.php?rest_route=\/wp\/v2\/posts"}],"about":[{"href":"https:\/\/wgphoto.pl\/t\/index.php?rest_route=\/wp\/v2\/types\/post"}],"author":[{"embeddable":true,"href":"https:\/\/wgphoto.pl\/t\/index.php?rest_route=\/wp\/v2\/users\/1"}],"replies":[{"embeddable":true,"href":"https:\/\/wgphoto.pl\/t\/index.php?rest_route=%2Fwp%2Fv2%2Fcomments&post=21328"}],"version-history":[{"count":1,"href":"https:\/\/wgphoto.pl\/t\/index.php?rest_route=\/wp\/v2\/posts\/21328\/revisions"}],"predecessor-version":[{"id":21330,"href":"https:\/\/wgphoto.pl\/t\/index.php?rest_route=\/wp\/v2\/posts\/21328\/revisions\/21330"}],"wp:featuredmedia":[{"embeddable":true,"href":"https:\/\/wgphoto.pl\/t\/index.php?rest_route=\/wp\/v2\/media\/21329"}],"wp:attachment":[{"href":"https:\/\/wgphoto.pl\/t\/index.php?rest_route=%2Fwp%2Fv2%2Fmedia&parent=21328"}],"wp:term":[{"taxonomy":"category","embeddable":true,"href":"https:\/\/wgphoto.pl\/t\/index.php?rest_route=%2Fwp%2Fv2%2Fcategories&post=21328"},{"taxonomy":"post_tag","embeddable":true,"href":"https:\/\/wgphoto.pl\/t\/index.php?rest_route=%2Fwp%2Fv2%2Ftags&post=21328"}],"curies":[{"name":"wp","href":"https:\/\/api.w.org\/{rel}","templated":true}]}}