{"id":21331,"date":"2025-07-31T14:41:11","date_gmt":"2025-07-31T12:41:11","guid":{"rendered":"https:\/\/wgphoto.pl\/t\/?p=21331"},"modified":"2025-07-31T14:41:11","modified_gmt":"2025-07-31T12:41:11","slug":"drewniany-slask-i-stopiatkowi-weterani","status":"publish","type":"post","link":"https:\/\/wgphoto.pl\/t\/?p=21331","title":{"rendered":"Drewniany \u015al\u0105sk i stopi\u0105tkowi weterani"},"content":{"rendered":"\n<figure class=\"wp-block-image aligncenter size-full\"><img loading=\"lazy\" decoding=\"async\" width=\"1300\" height=\"861\" src=\"https:\/\/wgphoto.pl\/t\/wp-content\/uploads\/2025\/07\/0715-32_rsn.jpg\" alt=\"\" class=\"wp-image-21332\" srcset=\"https:\/\/wgphoto.pl\/t\/wp-content\/uploads\/2025\/07\/0715-32_rsn.jpg 1300w, https:\/\/wgphoto.pl\/t\/wp-content\/uploads\/2025\/07\/0715-32_rsn-300x199.jpg 300w, https:\/\/wgphoto.pl\/t\/wp-content\/uploads\/2025\/07\/0715-32_rsn-768x509.jpg 768w\" sizes=\"auto, (max-width: 1300px) 100vw, 1300px\" \/><\/figure>\n\n\n\n<div class=\"wp-block-group has-global-padding is-layout-constrained wp-block-group-is-layout-constrained\">\n<p>\u015awi\u0119toch\u0142owice-Pia\u015bniki, ul. Chorzowska, 105Na 313+314. To by\u0142 jeden z najstarszych sk\u0142ad\u00f3w stopi\u0105tek w ruchu, je\u015bli nie najstarszy, o numerach fabrycznych odpowiednio 5 i 6 z rocznika 1974. 16.07.2007<\/p>\n<\/div>\n","protected":false},"excerpt":{"rendered":"<p>\u015awi\u0119toch\u0142owice-Pia\u015bniki, ul. Chorzowska, 105Na 313+314. To by\u0142 jeden z najstarszych sk\u0142ad\u00f3w stopi\u0105tek w ruchu, je\u015bli nie najstarszy, o numerach fabrycznych odpowiednio 5 i 6 z rocznika 1974. 16.07.2007<\/p>\n","protected":false},"author":1,"featured_media":21332,"comment_status":"open","ping_status":"","sticky":false,"template":"","format":"standard","meta":{"footnotes":""},"categories":[62,96,3],"tags":[155,2129,34,277,27,1091,279],"class_list":["post-21331","post","type-post","status-publish","format-standard","has-post-thumbnail","hentry","category-analog","category-rok-2007","category-tramwaj","tag-105na","tag-2007-07-16","tag-architektura","tag-gop","tag-polska","tag-swietochlowice","tag-tramwaje-slaskie"],"_links":{"self":[{"href":"https:\/\/wgphoto.pl\/t\/index.php?rest_route=\/wp\/v2\/posts\/21331","targetHints":{"allow":["GET"]}}],"collection":[{"href":"https:\/\/wgphoto.pl\/t\/index.php?rest_route=\/wp\/v2\/posts"}],"about":[{"href":"https:\/\/wgphoto.pl\/t\/index.php?rest_route=\/wp\/v2\/types\/post"}],"author":[{"embeddable":true,"href":"https:\/\/wgphoto.pl\/t\/index.php?rest_route=\/wp\/v2\/users\/1"}],"replies":[{"embeddable":true,"href":"https:\/\/wgphoto.pl\/t\/index.php?rest_route=%2Fwp%2Fv2%2Fcomments&post=21331"}],"version-history":[{"count":1,"href":"https:\/\/wgphoto.pl\/t\/index.php?rest_route=\/wp\/v2\/posts\/21331\/revisions"}],"predecessor-version":[{"id":21333,"href":"https:\/\/wgphoto.pl\/t\/index.php?rest_route=\/wp\/v2\/posts\/21331\/revisions\/21333"}],"wp:featuredmedia":[{"embeddable":true,"href":"https:\/\/wgphoto.pl\/t\/index.php?rest_route=\/wp\/v2\/media\/21332"}],"wp:attachment":[{"href":"https:\/\/wgphoto.pl\/t\/index.php?rest_route=%2Fwp%2Fv2%2Fmedia&parent=21331"}],"wp:term":[{"taxonomy":"category","embeddable":true,"href":"https:\/\/wgphoto.pl\/t\/index.php?rest_route=%2Fwp%2Fv2%2Fcategories&post=21331"},{"taxonomy":"post_tag","embeddable":true,"href":"https:\/\/wgphoto.pl\/t\/index.php?rest_route=%2Fwp%2Fv2%2Ftags&post=21331"}],"curies":[{"name":"wp","href":"https:\/\/api.w.org\/{rel}","templated":true}]}}