{"id":21362,"date":"2025-07-31T15:01:23","date_gmt":"2025-07-31T13:01:23","guid":{"rendered":"https:\/\/wgphoto.pl\/t\/?p=21362"},"modified":"2025-07-31T15:01:23","modified_gmt":"2025-07-31T13:01:23","slug":"skrzyzowanie-torowe","status":"publish","type":"post","link":"https:\/\/wgphoto.pl\/t\/?p=21362","title":{"rendered":"Skrzy\u017cowanie torowe"},"content":{"rendered":"\n<figure class=\"wp-block-image aligncenter size-full\"><img loading=\"lazy\" decoding=\"async\" width=\"1300\" height=\"861\" src=\"https:\/\/wgphoto.pl\/t\/wp-content\/uploads\/2025\/07\/IMGP8020.jpg\" alt=\"\" class=\"wp-image-21363\" srcset=\"https:\/\/wgphoto.pl\/t\/wp-content\/uploads\/2025\/07\/IMGP8020.jpg 1300w, https:\/\/wgphoto.pl\/t\/wp-content\/uploads\/2025\/07\/IMGP8020-300x199.jpg 300w, https:\/\/wgphoto.pl\/t\/wp-content\/uploads\/2025\/07\/IMGP8020-768x509.jpg 768w\" sizes=\"auto, (max-width: 1300px) 100vw, 1300px\" \/><\/figure>\n\n\n\n<div class=\"wp-block-group has-global-padding is-layout-constrained wp-block-group-is-layout-constrained\">\n<p>Arad, Calea Aurel Vlaicu. Wagon GT4 nr 01 mija skrzy\u017cowanie z lini\u0105 kolejow\u0105 do N\u0103dlac (szlak Arad &#8211; Arad Vest), kt\u00f3r\u0105 codziennie przeje\u017cd\u017ca 7 par poci\u0105g\u00f3w pasa\u017cerskich. 24.05.2024<\/p>\n<\/div>\n","protected":false},"excerpt":{"rendered":"<p>Arad, Calea Aurel Vlaicu. Wagon GT4 nr 01 mija skrzy\u017cowanie z lini\u0105 kolejow\u0105 do N\u0103dlac (szlak Arad &#8211; Arad Vest), kt\u00f3r\u0105 codziennie przeje\u017cd\u017ca 7 par poci\u0105g\u00f3w pasa\u017cerskich. 24.05.2024<\/p>\n","protected":false},"author":1,"featured_media":21363,"comment_status":"open","ping_status":"","sticky":false,"template":"","format":"standard","meta":{"footnotes":""},"categories":[5,3],"tags":[758,1178,1177,1248,1174,230,574],"class_list":["post-21362","post","type-post","status-publish","format-standard","has-post-thumbnail","hentry","category-2024r","category-tramwaj","tag-2024-05-24","tag-arad","tag-ctp-arad","tag-druga-majowka-2024","tag-gt4","tag-infrastruktura","tag-rumunia"],"_links":{"self":[{"href":"https:\/\/wgphoto.pl\/t\/index.php?rest_route=\/wp\/v2\/posts\/21362","targetHints":{"allow":["GET"]}}],"collection":[{"href":"https:\/\/wgphoto.pl\/t\/index.php?rest_route=\/wp\/v2\/posts"}],"about":[{"href":"https:\/\/wgphoto.pl\/t\/index.php?rest_route=\/wp\/v2\/types\/post"}],"author":[{"embeddable":true,"href":"https:\/\/wgphoto.pl\/t\/index.php?rest_route=\/wp\/v2\/users\/1"}],"replies":[{"embeddable":true,"href":"https:\/\/wgphoto.pl\/t\/index.php?rest_route=%2Fwp%2Fv2%2Fcomments&post=21362"}],"version-history":[{"count":1,"href":"https:\/\/wgphoto.pl\/t\/index.php?rest_route=\/wp\/v2\/posts\/21362\/revisions"}],"predecessor-version":[{"id":21364,"href":"https:\/\/wgphoto.pl\/t\/index.php?rest_route=\/wp\/v2\/posts\/21362\/revisions\/21364"}],"wp:featuredmedia":[{"embeddable":true,"href":"https:\/\/wgphoto.pl\/t\/index.php?rest_route=\/wp\/v2\/media\/21363"}],"wp:attachment":[{"href":"https:\/\/wgphoto.pl\/t\/index.php?rest_route=%2Fwp%2Fv2%2Fmedia&parent=21362"}],"wp:term":[{"taxonomy":"category","embeddable":true,"href":"https:\/\/wgphoto.pl\/t\/index.php?rest_route=%2Fwp%2Fv2%2Fcategories&post=21362"},{"taxonomy":"post_tag","embeddable":true,"href":"https:\/\/wgphoto.pl\/t\/index.php?rest_route=%2Fwp%2Fv2%2Ftags&post=21362"}],"curies":[{"name":"wp","href":"https:\/\/api.w.org\/{rel}","templated":true}]}}