{"id":21371,"date":"2025-07-31T15:04:24","date_gmt":"2025-07-31T13:04:24","guid":{"rendered":"https:\/\/wgphoto.pl\/t\/?p=21371"},"modified":"2025-07-31T15:04:24","modified_gmt":"2025-07-31T13:04:24","slug":"et21-544-na-swiebodzkim","status":"publish","type":"post","link":"https:\/\/wgphoto.pl\/t\/?p=21371","title":{"rendered":"ET21-544 na \u015awiebodzkim"},"content":{"rendered":"\n<figure class=\"wp-block-image aligncenter size-full\"><img loading=\"lazy\" decoding=\"async\" width=\"1300\" height=\"861\" src=\"https:\/\/wgphoto.pl\/t\/wp-content\/uploads\/2025\/07\/2001k-25_rsn.jpg\" alt=\"\" class=\"wp-image-21372\" srcset=\"https:\/\/wgphoto.pl\/t\/wp-content\/uploads\/2025\/07\/2001k-25_rsn.jpg 1300w, https:\/\/wgphoto.pl\/t\/wp-content\/uploads\/2025\/07\/2001k-25_rsn-300x199.jpg 300w, https:\/\/wgphoto.pl\/t\/wp-content\/uploads\/2025\/07\/2001k-25_rsn-768x509.jpg 768w\" sizes=\"auto, (max-width: 1300px) 100vw, 1300px\" \/><\/figure>\n\n\n\n<div class=\"wp-block-group has-global-padding is-layout-constrained wp-block-group-is-layout-constrained\">\n<p>ET21-544 z poci\u0105giem osobowym 221 z Wroc\u0142awia G\u0142. do Wa\u0142brzycha G\u0142. mija posterunek Wroc\u0142aw \u015awiebodzki. 13.06.2001<\/p>\n<\/div>\n","protected":false},"excerpt":{"rendered":"<p>ET21-544 z poci\u0105giem osobowym 221 z Wroc\u0142awia G\u0142. do Wa\u0142brzycha G\u0142. mija posterunek Wroc\u0142aw \u015awiebodzki. 13.06.2001<\/p>\n","protected":false},"author":1,"featured_media":21372,"comment_status":"open","ping_status":"","sticky":false,"template":"","format":"standard","meta":{"footnotes":""},"categories":[62,2,940],"tags":[4424,288,198,63,27,200,41,1515],"class_list":["post-21371","post","type-post","status-publish","format-standard","has-post-thumbnail","hentry","category-analog","category-kolej","category-rok-2001","tag-2001-06-13","tag-bipa","tag-et21","tag-pkp","tag-polska","tag-tab-pl240","tag-wroclaw","tag-wroclaw-swiebodzki"],"_links":{"self":[{"href":"https:\/\/wgphoto.pl\/t\/index.php?rest_route=\/wp\/v2\/posts\/21371","targetHints":{"allow":["GET"]}}],"collection":[{"href":"https:\/\/wgphoto.pl\/t\/index.php?rest_route=\/wp\/v2\/posts"}],"about":[{"href":"https:\/\/wgphoto.pl\/t\/index.php?rest_route=\/wp\/v2\/types\/post"}],"author":[{"embeddable":true,"href":"https:\/\/wgphoto.pl\/t\/index.php?rest_route=\/wp\/v2\/users\/1"}],"replies":[{"embeddable":true,"href":"https:\/\/wgphoto.pl\/t\/index.php?rest_route=%2Fwp%2Fv2%2Fcomments&post=21371"}],"version-history":[{"count":1,"href":"https:\/\/wgphoto.pl\/t\/index.php?rest_route=\/wp\/v2\/posts\/21371\/revisions"}],"predecessor-version":[{"id":21373,"href":"https:\/\/wgphoto.pl\/t\/index.php?rest_route=\/wp\/v2\/posts\/21371\/revisions\/21373"}],"wp:featuredmedia":[{"embeddable":true,"href":"https:\/\/wgphoto.pl\/t\/index.php?rest_route=\/wp\/v2\/media\/21372"}],"wp:attachment":[{"href":"https:\/\/wgphoto.pl\/t\/index.php?rest_route=%2Fwp%2Fv2%2Fmedia&parent=21371"}],"wp:term":[{"taxonomy":"category","embeddable":true,"href":"https:\/\/wgphoto.pl\/t\/index.php?rest_route=%2Fwp%2Fv2%2Fcategories&post=21371"},{"taxonomy":"post_tag","embeddable":true,"href":"https:\/\/wgphoto.pl\/t\/index.php?rest_route=%2Fwp%2Fv2%2Ftags&post=21371"}],"curies":[{"name":"wp","href":"https:\/\/api.w.org\/{rel}","templated":true}]}}