{"id":21380,"date":"2025-07-31T15:07:02","date_gmt":"2025-07-31T13:07:02","guid":{"rendered":"https:\/\/wgphoto.pl\/t\/?p=21380"},"modified":"2025-07-31T15:07:02","modified_gmt":"2025-07-31T13:07:02","slug":"deszcz-kapie-z-drzew","status":"publish","type":"post","link":"https:\/\/wgphoto.pl\/t\/?p=21380","title":{"rendered":"Deszcz kapie z drzew"},"content":{"rendered":"\n<figure class=\"wp-block-image aligncenter size-full\"><img loading=\"lazy\" decoding=\"async\" width=\"1300\" height=\"861\" src=\"https:\/\/wgphoto.pl\/t\/wp-content\/uploads\/2025\/07\/IMGP3407.jpg\" alt=\"\" class=\"wp-image-21381\" srcset=\"https:\/\/wgphoto.pl\/t\/wp-content\/uploads\/2025\/07\/IMGP3407.jpg 1300w, https:\/\/wgphoto.pl\/t\/wp-content\/uploads\/2025\/07\/IMGP3407-300x199.jpg 300w, https:\/\/wgphoto.pl\/t\/wp-content\/uploads\/2025\/07\/IMGP3407-768x509.jpg 768w\" sizes=\"auto, (max-width: 1300px) 100vw, 1300px\" \/><\/figure>\n\n\n\n<div class=\"wp-block-group has-global-padding is-layout-constrained wp-block-group-is-layout-constrained\">\n<p>Sch\u00f6neiche bei Berlin, Kirschenstra\u00dfe. \u0160koda Artic (lub te\u017c Transtech Artic) nr 52 wykonuje kolejny kurs linii 88 do R\u00fcdersdorfu. 15.09.2021<\/p>\n<\/div>\n","protected":false},"excerpt":{"rendered":"<p>Sch\u00f6neiche bei Berlin, Kirschenstra\u00dfe. \u0160koda Artic (lub te\u017c Transtech Artic) nr 52 wykonuje kolejny kurs linii 88 do R\u00fcdersdorfu. 15.09.2021<\/p>\n","protected":false},"author":1,"featured_media":21381,"comment_status":"open","ping_status":"","sticky":false,"template":"","format":"standard","meta":{"footnotes":""},"categories":[681,3],"tags":[2579,639,13,23,2202,4427,4223,2820,561],"class_list":["post-21380","post","type-post","status-publish","format-standard","has-post-thumbnail","hentry","category-rok-2021","category-tramwaj","tag-2021-09-15","tag-berlin","tag-deszcz","tag-niemcy","tag-niemieckie-wakacje-2021","tag-schoneiche","tag-skoda-artic","tag-srs-schoneiche","tag-tramwaj-podmiejski"],"_links":{"self":[{"href":"https:\/\/wgphoto.pl\/t\/index.php?rest_route=\/wp\/v2\/posts\/21380","targetHints":{"allow":["GET"]}}],"collection":[{"href":"https:\/\/wgphoto.pl\/t\/index.php?rest_route=\/wp\/v2\/posts"}],"about":[{"href":"https:\/\/wgphoto.pl\/t\/index.php?rest_route=\/wp\/v2\/types\/post"}],"author":[{"embeddable":true,"href":"https:\/\/wgphoto.pl\/t\/index.php?rest_route=\/wp\/v2\/users\/1"}],"replies":[{"embeddable":true,"href":"https:\/\/wgphoto.pl\/t\/index.php?rest_route=%2Fwp%2Fv2%2Fcomments&post=21380"}],"version-history":[{"count":1,"href":"https:\/\/wgphoto.pl\/t\/index.php?rest_route=\/wp\/v2\/posts\/21380\/revisions"}],"predecessor-version":[{"id":21382,"href":"https:\/\/wgphoto.pl\/t\/index.php?rest_route=\/wp\/v2\/posts\/21380\/revisions\/21382"}],"wp:featuredmedia":[{"embeddable":true,"href":"https:\/\/wgphoto.pl\/t\/index.php?rest_route=\/wp\/v2\/media\/21381"}],"wp:attachment":[{"href":"https:\/\/wgphoto.pl\/t\/index.php?rest_route=%2Fwp%2Fv2%2Fmedia&parent=21380"}],"wp:term":[{"taxonomy":"category","embeddable":true,"href":"https:\/\/wgphoto.pl\/t\/index.php?rest_route=%2Fwp%2Fv2%2Fcategories&post=21380"},{"taxonomy":"post_tag","embeddable":true,"href":"https:\/\/wgphoto.pl\/t\/index.php?rest_route=%2Fwp%2Fv2%2Ftags&post=21380"}],"curies":[{"name":"wp","href":"https:\/\/api.w.org\/{rel}","templated":true}]}}