{"id":21383,"date":"2025-07-31T15:07:59","date_gmt":"2025-07-31T13:07:59","guid":{"rendered":"https:\/\/wgphoto.pl\/t\/?p=21383"},"modified":"2025-07-31T15:08:12","modified_gmt":"2025-07-31T13:08:12","slug":"zastepcze-tornado","status":"publish","type":"post","link":"https:\/\/wgphoto.pl\/t\/?p=21383","title":{"rendered":"Zast\u0119pcze Tornado"},"content":{"rendered":"\n<figure class=\"wp-block-image aligncenter size-full\"><img loading=\"lazy\" decoding=\"async\" width=\"902\" height=\"1000\" src=\"https:\/\/wgphoto.pl\/t\/wp-content\/uploads\/2025\/07\/IMGP8267.jpg\" alt=\"\" class=\"wp-image-21384\" srcset=\"https:\/\/wgphoto.pl\/t\/wp-content\/uploads\/2025\/07\/IMGP8267.jpg 902w, https:\/\/wgphoto.pl\/t\/wp-content\/uploads\/2025\/07\/IMGP8267-271x300.jpg 271w, https:\/\/wgphoto.pl\/t\/wp-content\/uploads\/2025\/07\/IMGP8267-768x851.jpg 768w\" sizes=\"auto, (max-width: 902px) 100vw, 902px\" \/><\/figure>\n\n\n\n<div class=\"wp-block-group has-global-padding is-layout-constrained wp-block-group-is-layout-constrained\">\n<p>Ze stacji Ostrava-Svinov wyje\u017cd\u017ca zestaw 460.059\/060 jako poci\u0105g pospieszny 842 &#8222;Prad\u011bd&#8221;, nominalnie relacji Ostrava st\u0159ed &#8211; Olomouc hl.n., lecz z powodu prac torowych jad\u0105cy w tym zestawieniu tylko do Opawy-wsch\u00f3d. Koleje Czeskie ju\u017c kilka tygodni wcze\u015bniej oficjalnie po\u017cegna\u0142y jednostki serii 460, kt\u00f3re zosta\u0142y wycofane z ostatnich obieg\u00f3w w kraju O\u0142omunieckim. Okazj\u0105 do ich ponownego i najpewniej ostatniego planowego zatrudnienia sta\u0142y si\u0119 wspomniane prace mi\u0119dzy Opaw\u0105 a Karniowem, trwaj\u0105ce od 20.05. do 26.07.2024. Tak wi\u0119c kto ma jeszcze ochot\u0119 na foto lub przeja\u017cd\u017ck\u0119 &#8222;Tornadem&#8221;, to zosta\u0142o jeszcze troch\u0119 czasu. Na koniec dodam, \u017ce za motyw industrialny s\u0142u\u017cy w tym kadrze elektrociep\u0142ownia T\u0159ebovice. 15.06.2024<\/p>\n<\/div>\n","protected":false},"excerpt":{"rendered":"<p>Ze stacji Ostrava-Svinov wyje\u017cd\u017ca zestaw 460.059\/060 jako poci\u0105g pospieszny 842 &#8222;Prad\u011bd&#8221;, nominalnie relacji Ostrava st\u0159ed &#8211; Olomouc hl.n., lecz z powodu prac torowych jad\u0105cy w tym zestawieniu tylko do Opawy-wsch\u00f3d. Koleje Czeskie ju\u017c kilka tygodni wcze\u015bniej oficjalnie po\u017cegna\u0142y jednostki serii 460, kt\u00f3re zosta\u0142y wycofane z ostatnich obieg\u00f3w w kraju O\u0142omunieckim. Okazj\u0105 do ich ponownego i [&hellip;]<\/p>\n","protected":false},"author":1,"featured_media":21384,"comment_status":"open","ping_status":"","sticky":false,"template":"","format":"standard","meta":{"footnotes":""},"categories":[2,128,5],"tags":[4428,1398,50,303,3198,2082],"class_list":["post-21383","post","type-post","status-publish","format-standard","has-post-thumbnail","hentry","category-kolej","category-pionowe","category-2024r","tag-2024-06-15","tag-1398","tag-cd","tag-industrial","tag-ostrava-svinov","tag-tab-cz321"],"_links":{"self":[{"href":"https:\/\/wgphoto.pl\/t\/index.php?rest_route=\/wp\/v2\/posts\/21383","targetHints":{"allow":["GET"]}}],"collection":[{"href":"https:\/\/wgphoto.pl\/t\/index.php?rest_route=\/wp\/v2\/posts"}],"about":[{"href":"https:\/\/wgphoto.pl\/t\/index.php?rest_route=\/wp\/v2\/types\/post"}],"author":[{"embeddable":true,"href":"https:\/\/wgphoto.pl\/t\/index.php?rest_route=\/wp\/v2\/users\/1"}],"replies":[{"embeddable":true,"href":"https:\/\/wgphoto.pl\/t\/index.php?rest_route=%2Fwp%2Fv2%2Fcomments&post=21383"}],"version-history":[{"count":1,"href":"https:\/\/wgphoto.pl\/t\/index.php?rest_route=\/wp\/v2\/posts\/21383\/revisions"}],"predecessor-version":[{"id":21385,"href":"https:\/\/wgphoto.pl\/t\/index.php?rest_route=\/wp\/v2\/posts\/21383\/revisions\/21385"}],"wp:featuredmedia":[{"embeddable":true,"href":"https:\/\/wgphoto.pl\/t\/index.php?rest_route=\/wp\/v2\/media\/21384"}],"wp:attachment":[{"href":"https:\/\/wgphoto.pl\/t\/index.php?rest_route=%2Fwp%2Fv2%2Fmedia&parent=21383"}],"wp:term":[{"taxonomy":"category","embeddable":true,"href":"https:\/\/wgphoto.pl\/t\/index.php?rest_route=%2Fwp%2Fv2%2Fcategories&post=21383"},{"taxonomy":"post_tag","embeddable":true,"href":"https:\/\/wgphoto.pl\/t\/index.php?rest_route=%2Fwp%2Fv2%2Ftags&post=21383"}],"curies":[{"name":"wp","href":"https:\/\/api.w.org\/{rel}","templated":true}]}}