{"id":21386,"date":"2025-07-31T15:09:05","date_gmt":"2025-07-31T13:09:05","guid":{"rendered":"https:\/\/wgphoto.pl\/t\/?p=21386"},"modified":"2025-07-31T15:09:05","modified_gmt":"2025-07-31T13:09:05","slug":"trinecke-zelezarny","status":"publish","type":"post","link":"https:\/\/wgphoto.pl\/t\/?p=21386","title":{"rendered":"T\u0159ineck\u00e9 \u017delez\u00e1rny"},"content":{"rendered":"\n<figure class=\"wp-block-image aligncenter size-full\"><img loading=\"lazy\" decoding=\"async\" width=\"1300\" height=\"813\" src=\"https:\/\/wgphoto.pl\/t\/wp-content\/uploads\/2025\/07\/IMGP8233-1.jpg\" alt=\"\" class=\"wp-image-21387\" srcset=\"https:\/\/wgphoto.pl\/t\/wp-content\/uploads\/2025\/07\/IMGP8233-1.jpg 1300w, https:\/\/wgphoto.pl\/t\/wp-content\/uploads\/2025\/07\/IMGP8233-1-300x188.jpg 300w, https:\/\/wgphoto.pl\/t\/wp-content\/uploads\/2025\/07\/IMGP8233-1-768x480.jpg 768w\" sizes=\"auto, (max-width: 1300px) 100vw, 1300px\" \/><\/figure>\n\n\n\n<div class=\"wp-block-group has-global-padding is-layout-constrained wp-block-group-is-layout-constrained\">\n<p>Dvoji\u010dka 131.029\/030 oczekuje pod trzynieck\u0105 hut\u0105 na odjazd ze sk\u0142adem w kierunku S\u0142owacji. 15.06.2024<\/p>\n<\/div>\n","protected":false},"excerpt":{"rendered":"<p>Dvoji\u010dka 131.029\/030 oczekuje pod trzynieck\u0105 hut\u0105 na odjazd ze sk\u0142adem w kierunku S\u0142owacji. 15.06.2024<\/p>\n","protected":false},"author":1,"featured_media":21387,"comment_status":"open","ping_status":"","sticky":false,"template":"","format":"standard","meta":{"footnotes":""},"categories":[2,5],"tags":[679,4428,49,249,303,3347,4429,469],"class_list":["post-21386","post","type-post","status-publish","format-standard","has-post-thumbnail","hentry","category-kolej","category-2024r","tag-679","tag-2024-06-15","tag-czechy","tag-goscinne-wystepy","tag-industrial","tag-tab-cz320","tag-trinec","tag-zssk"],"_links":{"self":[{"href":"https:\/\/wgphoto.pl\/t\/index.php?rest_route=\/wp\/v2\/posts\/21386","targetHints":{"allow":["GET"]}}],"collection":[{"href":"https:\/\/wgphoto.pl\/t\/index.php?rest_route=\/wp\/v2\/posts"}],"about":[{"href":"https:\/\/wgphoto.pl\/t\/index.php?rest_route=\/wp\/v2\/types\/post"}],"author":[{"embeddable":true,"href":"https:\/\/wgphoto.pl\/t\/index.php?rest_route=\/wp\/v2\/users\/1"}],"replies":[{"embeddable":true,"href":"https:\/\/wgphoto.pl\/t\/index.php?rest_route=%2Fwp%2Fv2%2Fcomments&post=21386"}],"version-history":[{"count":1,"href":"https:\/\/wgphoto.pl\/t\/index.php?rest_route=\/wp\/v2\/posts\/21386\/revisions"}],"predecessor-version":[{"id":21388,"href":"https:\/\/wgphoto.pl\/t\/index.php?rest_route=\/wp\/v2\/posts\/21386\/revisions\/21388"}],"wp:featuredmedia":[{"embeddable":true,"href":"https:\/\/wgphoto.pl\/t\/index.php?rest_route=\/wp\/v2\/media\/21387"}],"wp:attachment":[{"href":"https:\/\/wgphoto.pl\/t\/index.php?rest_route=%2Fwp%2Fv2%2Fmedia&parent=21386"}],"wp:term":[{"taxonomy":"category","embeddable":true,"href":"https:\/\/wgphoto.pl\/t\/index.php?rest_route=%2Fwp%2Fv2%2Fcategories&post=21386"},{"taxonomy":"post_tag","embeddable":true,"href":"https:\/\/wgphoto.pl\/t\/index.php?rest_route=%2Fwp%2Fv2%2Ftags&post=21386"}],"curies":[{"name":"wp","href":"https:\/\/api.w.org\/{rel}","templated":true}]}}