{"id":2139,"date":"2024-10-08T20:00:34","date_gmt":"2024-10-08T18:00:34","guid":{"rendered":"https:\/\/wgphoto.pl\/t\/?p=2139"},"modified":"2024-10-08T20:00:34","modified_gmt":"2024-10-08T18:00:34","slug":"sygnal-zastepczy","status":"publish","type":"post","link":"https:\/\/wgphoto.pl\/t\/?p=2139","title":{"rendered":"Sygna\u0142 zast\u0119pczy"},"content":{"rendered":"\n<figure class=\"wp-block-image aligncenter size-full\"><img loading=\"lazy\" decoding=\"async\" width=\"1200\" height=\"800\" src=\"https:\/\/wgphoto.pl\/t\/wp-content\/uploads\/2024\/10\/0801-01.jpg\" alt=\"\" class=\"wp-image-2140\" srcset=\"https:\/\/wgphoto.pl\/t\/wp-content\/uploads\/2024\/10\/0801-01.jpg 1200w, https:\/\/wgphoto.pl\/t\/wp-content\/uploads\/2024\/10\/0801-01-300x200.jpg 300w, https:\/\/wgphoto.pl\/t\/wp-content\/uploads\/2024\/10\/0801-01-768x512.jpg 768w\" sizes=\"auto, (max-width: 1200px) 100vw, 1200px\" \/><\/figure>\n\n\n\n<div class=\"wp-block-group has-global-padding is-layout-constrained wp-block-group-is-layout-constrained\">\n<p>Sk\u0142adzik <em>Tatr<\/em> w barwach maskuj\u0105cych (T3M 52+49) zbli\u017ca si\u0119 do mijanki Zelen\u00e9 \u00dadol\u00ed. Sygnalizator oczywi\u015bcie nie wskazuje znanego z PKP sygna\u0142u zast\u0119pczego. Taki uk\u0142ad \u015bwiate\u0142 oznacza, \u017ce odcinek jednotorowy jest zaj\u0119ty przez tramwaj jad\u0105cy w przeciwnym kierunku (czyli dok\u0142adnie tak jak wida\u0107 na za\u0142\u0105czonym obrazku). 31.12.2007<\/p>\n<\/div>\n","protected":false},"excerpt":{"rendered":"<p>Sk\u0142adzik Tatr w barwach maskuj\u0105cych (T3M 52+49) zbli\u017ca si\u0119 do mijanki Zelen\u00e9 \u00dadol\u00ed. Sygnalizator oczywi\u015bcie nie wskazuje znanego z PKP sygna\u0142u zast\u0119pczego. Taki uk\u0142ad \u015bwiate\u0142 oznacza, \u017ce odcinek jednotorowy jest zaj\u0119ty przez tramwaj jad\u0105cy w przeciwnym kierunku (czyli dok\u0142adnie tak jak wida\u0107 na za\u0142\u0105czonym obrazku). 31.12.2007<\/p>\n","protected":false},"author":1,"featured_media":2140,"comment_status":"open","ping_status":"","sticky":false,"template":"","format":"standard","meta":{"footnotes":""},"categories":[62,96,3],"tags":[1121,49,875,230,876,44,1011,561],"class_list":["post-2139","post","type-post","status-publish","format-standard","has-post-thumbnail","hentry","category-analog","category-rok-2007","category-tramwaj","tag-2007-12-31","tag-czechy","tag-dpmlj-liberec","tag-infrastruktura","tag-jablonec-nad-nisou","tag-snieg","tag-tatra-t3","tag-tramwaj-podmiejski"],"_links":{"self":[{"href":"https:\/\/wgphoto.pl\/t\/index.php?rest_route=\/wp\/v2\/posts\/2139","targetHints":{"allow":["GET"]}}],"collection":[{"href":"https:\/\/wgphoto.pl\/t\/index.php?rest_route=\/wp\/v2\/posts"}],"about":[{"href":"https:\/\/wgphoto.pl\/t\/index.php?rest_route=\/wp\/v2\/types\/post"}],"author":[{"embeddable":true,"href":"https:\/\/wgphoto.pl\/t\/index.php?rest_route=\/wp\/v2\/users\/1"}],"replies":[{"embeddable":true,"href":"https:\/\/wgphoto.pl\/t\/index.php?rest_route=%2Fwp%2Fv2%2Fcomments&post=2139"}],"version-history":[{"count":1,"href":"https:\/\/wgphoto.pl\/t\/index.php?rest_route=\/wp\/v2\/posts\/2139\/revisions"}],"predecessor-version":[{"id":2141,"href":"https:\/\/wgphoto.pl\/t\/index.php?rest_route=\/wp\/v2\/posts\/2139\/revisions\/2141"}],"wp:featuredmedia":[{"embeddable":true,"href":"https:\/\/wgphoto.pl\/t\/index.php?rest_route=\/wp\/v2\/media\/2140"}],"wp:attachment":[{"href":"https:\/\/wgphoto.pl\/t\/index.php?rest_route=%2Fwp%2Fv2%2Fmedia&parent=2139"}],"wp:term":[{"taxonomy":"category","embeddable":true,"href":"https:\/\/wgphoto.pl\/t\/index.php?rest_route=%2Fwp%2Fv2%2Fcategories&post=2139"},{"taxonomy":"post_tag","embeddable":true,"href":"https:\/\/wgphoto.pl\/t\/index.php?rest_route=%2Fwp%2Fv2%2Ftags&post=2139"}],"curies":[{"name":"wp","href":"https:\/\/api.w.org\/{rel}","templated":true}]}}