{"id":21395,"date":"2025-07-31T15:11:38","date_gmt":"2025-07-31T13:11:38","guid":{"rendered":"https:\/\/wgphoto.pl\/t\/?p=21395"},"modified":"2025-07-31T15:11:38","modified_gmt":"2025-07-31T13:11:38","slug":"szkody-gornicze","status":"publish","type":"post","link":"https:\/\/wgphoto.pl\/t\/?p=21395","title":{"rendered":"Szkody g\u00f3rnicze"},"content":{"rendered":"\n<figure class=\"wp-block-image aligncenter size-full\"><img loading=\"lazy\" decoding=\"async\" width=\"1300\" height=\"861\" src=\"https:\/\/wgphoto.pl\/t\/wp-content\/uploads\/2025\/07\/IMGP8207.jpg\" alt=\"\" class=\"wp-image-21396\" srcset=\"https:\/\/wgphoto.pl\/t\/wp-content\/uploads\/2025\/07\/IMGP8207.jpg 1300w, https:\/\/wgphoto.pl\/t\/wp-content\/uploads\/2025\/07\/IMGP8207-300x199.jpg 300w, https:\/\/wgphoto.pl\/t\/wp-content\/uploads\/2025\/07\/IMGP8207-768x509.jpg 768w\" sizes=\"auto, (max-width: 1300px) 100vw, 1300px\" \/><\/figure>\n\n\n\n<div class=\"wp-block-group has-global-padding is-layout-constrained wp-block-group-is-layout-constrained\">\n<p>Jednostka 680.007 jako poci\u0105g SC 241 &#8222;Pendolino Ko\u0161i\u010dan&#8221; relacji Praha hl.n. &#8211; Ko\u0161ice przeje\u017cd\u017ca przez kilkukilometrowy odcinek szk\u00f3d g\u00f3rniczych na szlaku Karvin\u00e1 hl.n. &#8211; Louky nad Ol\u0161\u00ed. 15.06.2024<\/p>\n<\/div>\n","protected":false},"excerpt":{"rendered":"<p>Jednostka 680.007 jako poci\u0105g SC 241 &#8222;Pendolino Ko\u0161i\u010dan&#8221; relacji Praha hl.n. &#8211; Ko\u0161ice przeje\u017cd\u017ca przez kilkukilometrowy odcinek szk\u00f3d g\u00f3rniczych na szlaku Karvin\u00e1 hl.n. &#8211; Louky nad Ol\u0161\u00ed. 15.06.2024<\/p>\n","protected":false},"author":1,"featured_media":21396,"comment_status":"open","ping_status":"","sticky":false,"template":"","format":"standard","meta":{"footnotes":""},"categories":[2,5],"tags":[4428,50,49,4430,754,3347],"class_list":["post-21395","post","type-post","status-publish","format-standard","has-post-thumbnail","hentry","category-kolej","category-2024r","tag-2024-06-15","tag-cd","tag-czechy","tag-louky-nad-olsi","tag-pendolino","tag-tab-cz320"],"_links":{"self":[{"href":"https:\/\/wgphoto.pl\/t\/index.php?rest_route=\/wp\/v2\/posts\/21395","targetHints":{"allow":["GET"]}}],"collection":[{"href":"https:\/\/wgphoto.pl\/t\/index.php?rest_route=\/wp\/v2\/posts"}],"about":[{"href":"https:\/\/wgphoto.pl\/t\/index.php?rest_route=\/wp\/v2\/types\/post"}],"author":[{"embeddable":true,"href":"https:\/\/wgphoto.pl\/t\/index.php?rest_route=\/wp\/v2\/users\/1"}],"replies":[{"embeddable":true,"href":"https:\/\/wgphoto.pl\/t\/index.php?rest_route=%2Fwp%2Fv2%2Fcomments&post=21395"}],"version-history":[{"count":1,"href":"https:\/\/wgphoto.pl\/t\/index.php?rest_route=\/wp\/v2\/posts\/21395\/revisions"}],"predecessor-version":[{"id":21397,"href":"https:\/\/wgphoto.pl\/t\/index.php?rest_route=\/wp\/v2\/posts\/21395\/revisions\/21397"}],"wp:featuredmedia":[{"embeddable":true,"href":"https:\/\/wgphoto.pl\/t\/index.php?rest_route=\/wp\/v2\/media\/21396"}],"wp:attachment":[{"href":"https:\/\/wgphoto.pl\/t\/index.php?rest_route=%2Fwp%2Fv2%2Fmedia&parent=21395"}],"wp:term":[{"taxonomy":"category","embeddable":true,"href":"https:\/\/wgphoto.pl\/t\/index.php?rest_route=%2Fwp%2Fv2%2Fcategories&post=21395"},{"taxonomy":"post_tag","embeddable":true,"href":"https:\/\/wgphoto.pl\/t\/index.php?rest_route=%2Fwp%2Fv2%2Ftags&post=21395"}],"curies":[{"name":"wp","href":"https:\/\/api.w.org\/{rel}","templated":true}]}}