{"id":2142,"date":"2024-10-08T21:30:27","date_gmt":"2024-10-08T19:30:27","guid":{"rendered":"https:\/\/wgphoto.pl\/t\/?p=2142"},"modified":"2024-10-08T21:30:27","modified_gmt":"2024-10-08T19:30:27","slug":"trojca-osobowicka","status":"publish","type":"post","link":"https:\/\/wgphoto.pl\/t\/?p=2142","title":{"rendered":"Tr\u00f3jca osobowicka"},"content":{"rendered":"\n<figure class=\"wp-block-image aligncenter size-full\"><img loading=\"lazy\" decoding=\"async\" width=\"1400\" height=\"927\" src=\"https:\/\/wgphoto.pl\/t\/wp-content\/uploads\/2024\/10\/0335-29_rsn.jpg\" alt=\"\" class=\"wp-image-2143\" srcset=\"https:\/\/wgphoto.pl\/t\/wp-content\/uploads\/2024\/10\/0335-29_rsn.jpg 1400w, https:\/\/wgphoto.pl\/t\/wp-content\/uploads\/2024\/10\/0335-29_rsn-300x199.jpg 300w, https:\/\/wgphoto.pl\/t\/wp-content\/uploads\/2024\/10\/0335-29_rsn-768x509.jpg 768w\" sizes=\"auto, (max-width: 1400px) 100vw, 1400px\" \/><\/figure>\n\n\n\n<div class=\"wp-block-group has-global-padding is-layout-constrained wp-block-group-is-layout-constrained\">\n<p>Wroc\u0142aw, p\u0119tla Osobowice, 102Na 2007 i 2038 oraz 102Nd 2099, ten ostatni w udawanych barwach zak\u0142adowych b\u0119d\u0105cych pozosta\u0142o\u015bci\u0105 po reklamie z domalowanymi elementami kremowymi. 08.10.2003<\/p>\n<\/div>\n","protected":false},"excerpt":{"rendered":"<p>Wroc\u0142aw, p\u0119tla Osobowice, 102Na 2007 i 2038 oraz 102Nd 2099, ten ostatni w udawanych barwach zak\u0142adowych b\u0119d\u0105cych pozosta\u0142o\u015bci\u0105 po reklamie z domalowanymi elementami kremowymi. 08.10.2003<\/p>\n","protected":false},"author":1,"featured_media":2143,"comment_status":"open","ping_status":"","sticky":false,"template":"","format":"standard","meta":{"footnotes":""},"categories":[62,149,3],"tags":[1122,309,921,42,27,41],"class_list":["post-2142","post","type-post","status-publish","format-standard","has-post-thumbnail","hentry","category-analog","category-rok-2003","category-tramwaj","tag-2003-10-08","tag-konstal-102na","tag-konstal-102nd","tag-mpk-wroclaw","tag-polska","tag-wroclaw"],"_links":{"self":[{"href":"https:\/\/wgphoto.pl\/t\/index.php?rest_route=\/wp\/v2\/posts\/2142","targetHints":{"allow":["GET"]}}],"collection":[{"href":"https:\/\/wgphoto.pl\/t\/index.php?rest_route=\/wp\/v2\/posts"}],"about":[{"href":"https:\/\/wgphoto.pl\/t\/index.php?rest_route=\/wp\/v2\/types\/post"}],"author":[{"embeddable":true,"href":"https:\/\/wgphoto.pl\/t\/index.php?rest_route=\/wp\/v2\/users\/1"}],"replies":[{"embeddable":true,"href":"https:\/\/wgphoto.pl\/t\/index.php?rest_route=%2Fwp%2Fv2%2Fcomments&post=2142"}],"version-history":[{"count":1,"href":"https:\/\/wgphoto.pl\/t\/index.php?rest_route=\/wp\/v2\/posts\/2142\/revisions"}],"predecessor-version":[{"id":2144,"href":"https:\/\/wgphoto.pl\/t\/index.php?rest_route=\/wp\/v2\/posts\/2142\/revisions\/2144"}],"wp:featuredmedia":[{"embeddable":true,"href":"https:\/\/wgphoto.pl\/t\/index.php?rest_route=\/wp\/v2\/media\/2143"}],"wp:attachment":[{"href":"https:\/\/wgphoto.pl\/t\/index.php?rest_route=%2Fwp%2Fv2%2Fmedia&parent=2142"}],"wp:term":[{"taxonomy":"category","embeddable":true,"href":"https:\/\/wgphoto.pl\/t\/index.php?rest_route=%2Fwp%2Fv2%2Fcategories&post=2142"},{"taxonomy":"post_tag","embeddable":true,"href":"https:\/\/wgphoto.pl\/t\/index.php?rest_route=%2Fwp%2Fv2%2Ftags&post=2142"}],"curies":[{"name":"wp","href":"https:\/\/api.w.org\/{rel}","templated":true}]}}