{"id":21428,"date":"2025-07-31T21:37:12","date_gmt":"2025-07-31T19:37:12","guid":{"rendered":"https:\/\/wgphoto.pl\/t\/?p=21428"},"modified":"2025-07-31T21:37:12","modified_gmt":"2025-07-31T19:37:12","slug":"wolowina-z-zamrazarki","status":"publish","type":"post","link":"https:\/\/wgphoto.pl\/t\/?p=21428","title":{"rendered":"Wo\u0142owina z zamra\u017carki"},"content":{"rendered":"\n<figure class=\"wp-block-image aligncenter size-full\"><img loading=\"lazy\" decoding=\"async\" width=\"1200\" height=\"800\" src=\"https:\/\/wgphoto.pl\/t\/wp-content\/uploads\/2025\/07\/0302-18A.jpg\" alt=\"\" class=\"wp-image-21429\" srcset=\"https:\/\/wgphoto.pl\/t\/wp-content\/uploads\/2025\/07\/0302-18A.jpg 1200w, https:\/\/wgphoto.pl\/t\/wp-content\/uploads\/2025\/07\/0302-18A-300x200.jpg 300w, https:\/\/wgphoto.pl\/t\/wp-content\/uploads\/2025\/07\/0302-18A-768x512.jpg 768w\" sizes=\"auto, (max-width: 1200px) 100vw, 1200px\" \/><\/figure>\n\n\n\n<div class=\"wp-block-group has-global-padding is-layout-constrained wp-block-group-is-layout-constrained\">\n<p>Bydl\u0119 ET22-807 z oszronionym przodem wje\u017cd\u017ca do Gda\u0144ska G\u0142\u00f3wnego. 05.02.2003<\/p>\n<\/div>\n","protected":false},"excerpt":{"rendered":"<p>Bydl\u0119 ET22-807 z oszronionym przodem wje\u017cd\u017ca do Gda\u0144ska G\u0142\u00f3wnego. 05.02.2003<\/p>\n","protected":false},"author":1,"featured_media":21429,"comment_status":"open","ping_status":"","sticky":false,"template":"","format":"standard","meta":{"footnotes":""},"categories":[62,2,149],"tags":[910,26,907,908,63,27,44,1936],"class_list":["post-21428","post","type-post","status-publish","format-standard","has-post-thumbnail","hentry","category-analog","category-kolej","category-rok-2003","tag-2003-02-05","tag-et22","tag-gdansk","tag-gdansk-glowny","tag-pkp","tag-polska","tag-snieg","tag-tab-pl400"],"_links":{"self":[{"href":"https:\/\/wgphoto.pl\/t\/index.php?rest_route=\/wp\/v2\/posts\/21428","targetHints":{"allow":["GET"]}}],"collection":[{"href":"https:\/\/wgphoto.pl\/t\/index.php?rest_route=\/wp\/v2\/posts"}],"about":[{"href":"https:\/\/wgphoto.pl\/t\/index.php?rest_route=\/wp\/v2\/types\/post"}],"author":[{"embeddable":true,"href":"https:\/\/wgphoto.pl\/t\/index.php?rest_route=\/wp\/v2\/users\/1"}],"replies":[{"embeddable":true,"href":"https:\/\/wgphoto.pl\/t\/index.php?rest_route=%2Fwp%2Fv2%2Fcomments&post=21428"}],"version-history":[{"count":1,"href":"https:\/\/wgphoto.pl\/t\/index.php?rest_route=\/wp\/v2\/posts\/21428\/revisions"}],"predecessor-version":[{"id":21430,"href":"https:\/\/wgphoto.pl\/t\/index.php?rest_route=\/wp\/v2\/posts\/21428\/revisions\/21430"}],"wp:featuredmedia":[{"embeddable":true,"href":"https:\/\/wgphoto.pl\/t\/index.php?rest_route=\/wp\/v2\/media\/21429"}],"wp:attachment":[{"href":"https:\/\/wgphoto.pl\/t\/index.php?rest_route=%2Fwp%2Fv2%2Fmedia&parent=21428"}],"wp:term":[{"taxonomy":"category","embeddable":true,"href":"https:\/\/wgphoto.pl\/t\/index.php?rest_route=%2Fwp%2Fv2%2Fcategories&post=21428"},{"taxonomy":"post_tag","embeddable":true,"href":"https:\/\/wgphoto.pl\/t\/index.php?rest_route=%2Fwp%2Fv2%2Ftags&post=21428"}],"curies":[{"name":"wp","href":"https:\/\/api.w.org\/{rel}","templated":true}]}}