{"id":21431,"date":"2025-07-31T21:37:59","date_gmt":"2025-07-31T19:37:59","guid":{"rendered":"https:\/\/wgphoto.pl\/t\/?p=21431"},"modified":"2025-07-31T21:37:59","modified_gmt":"2025-07-31T19:37:59","slug":"jak-dawniej","status":"publish","type":"post","link":"https:\/\/wgphoto.pl\/t\/?p=21431","title":{"rendered":"Jak dawniej"},"content":{"rendered":"\n<figure class=\"wp-block-image aligncenter size-full\"><img loading=\"lazy\" decoding=\"async\" width=\"1300\" height=\"837\" src=\"https:\/\/wgphoto.pl\/t\/wp-content\/uploads\/2025\/07\/0312-17_rsn.jpg\" alt=\"\" class=\"wp-image-21432\" srcset=\"https:\/\/wgphoto.pl\/t\/wp-content\/uploads\/2025\/07\/0312-17_rsn.jpg 1300w, https:\/\/wgphoto.pl\/t\/wp-content\/uploads\/2025\/07\/0312-17_rsn-300x193.jpg 300w, https:\/\/wgphoto.pl\/t\/wp-content\/uploads\/2025\/07\/0312-17_rsn-768x494.jpg 768w\" sizes=\"auto, (max-width: 1300px) 100vw, 1300px\" \/><\/figure>\n\n\n\n<div class=\"wp-block-group has-global-padding is-layout-constrained wp-block-group-is-layout-constrained\">\n<p>ET22-882 mija Mi\u0142kowice w ostatnim roku przed rozpocz\u0119ciem przebudowy. W kadrze znalaz\u0142o si\u0119 wiele &#8222;starych&#8221; detali, lokomotywa r\u00f3wnie\u017c wygl\u0105da jak \u017cywcem wyj\u0119ta z lat 80-tych, a ca\u0142o\u015bci dope\u0142nia ca\u0142kiem przyjemny imho kadr, jakiego nie powstydzi\u0142bym si\u0119 i dzi\u015b. 01.05.2003<\/p>\n<\/div>\n","protected":false},"excerpt":{"rendered":"<p>ET22-882 mija Mi\u0142kowice w ostatnim roku przed rozpocz\u0119ciem przebudowy. W kadrze znalaz\u0142o si\u0119 wiele &#8222;starych&#8221; detali, lokomotywa r\u00f3wnie\u017c wygl\u0105da jak \u017cywcem wyj\u0119ta z lat 80-tych, a ca\u0142o\u015bci dope\u0142nia ca\u0142kiem przyjemny imho kadr, jakiego nie powstydzi\u0142bym si\u0119 i dzi\u015b. 01.05.2003<\/p>\n","protected":false},"author":1,"featured_media":21432,"comment_status":"open","ping_status":"","sticky":false,"template":"","format":"standard","meta":{"footnotes":""},"categories":[62,2,149],"tags":[4434,26,230,744,63,27,233],"class_list":["post-21431","post","type-post","status-publish","format-standard","has-post-thumbnail","hentry","category-analog","category-kolej","category-rok-2003","tag-2003-05-01","tag-et22","tag-infrastruktura","tag-milkowice","tag-pkp","tag-polska","tag-tab-pl260"],"_links":{"self":[{"href":"https:\/\/wgphoto.pl\/t\/index.php?rest_route=\/wp\/v2\/posts\/21431","targetHints":{"allow":["GET"]}}],"collection":[{"href":"https:\/\/wgphoto.pl\/t\/index.php?rest_route=\/wp\/v2\/posts"}],"about":[{"href":"https:\/\/wgphoto.pl\/t\/index.php?rest_route=\/wp\/v2\/types\/post"}],"author":[{"embeddable":true,"href":"https:\/\/wgphoto.pl\/t\/index.php?rest_route=\/wp\/v2\/users\/1"}],"replies":[{"embeddable":true,"href":"https:\/\/wgphoto.pl\/t\/index.php?rest_route=%2Fwp%2Fv2%2Fcomments&post=21431"}],"version-history":[{"count":1,"href":"https:\/\/wgphoto.pl\/t\/index.php?rest_route=\/wp\/v2\/posts\/21431\/revisions"}],"predecessor-version":[{"id":21433,"href":"https:\/\/wgphoto.pl\/t\/index.php?rest_route=\/wp\/v2\/posts\/21431\/revisions\/21433"}],"wp:featuredmedia":[{"embeddable":true,"href":"https:\/\/wgphoto.pl\/t\/index.php?rest_route=\/wp\/v2\/media\/21432"}],"wp:attachment":[{"href":"https:\/\/wgphoto.pl\/t\/index.php?rest_route=%2Fwp%2Fv2%2Fmedia&parent=21431"}],"wp:term":[{"taxonomy":"category","embeddable":true,"href":"https:\/\/wgphoto.pl\/t\/index.php?rest_route=%2Fwp%2Fv2%2Fcategories&post=21431"},{"taxonomy":"post_tag","embeddable":true,"href":"https:\/\/wgphoto.pl\/t\/index.php?rest_route=%2Fwp%2Fv2%2Ftags&post=21431"}],"curies":[{"name":"wp","href":"https:\/\/api.w.org\/{rel}","templated":true}]}}