{"id":21437,"date":"2025-07-31T21:39:50","date_gmt":"2025-07-31T19:39:50","guid":{"rendered":"https:\/\/wgphoto.pl\/t\/?p=21437"},"modified":"2025-07-31T21:39:50","modified_gmt":"2025-07-31T19:39:50","slug":"pociag-do-lata","status":"publish","type":"post","link":"https:\/\/wgphoto.pl\/t\/?p=21437","title":{"rendered":"Poci\u0105g do lata"},"content":{"rendered":"\n<figure class=\"wp-block-image aligncenter size-full\"><img loading=\"lazy\" decoding=\"async\" width=\"1300\" height=\"861\" src=\"https:\/\/wgphoto.pl\/t\/wp-content\/uploads\/2025\/07\/2002q-11_rsn.jpg\" alt=\"\" class=\"wp-image-21438\" srcset=\"https:\/\/wgphoto.pl\/t\/wp-content\/uploads\/2025\/07\/2002q-11_rsn.jpg 1300w, https:\/\/wgphoto.pl\/t\/wp-content\/uploads\/2025\/07\/2002q-11_rsn-300x199.jpg 300w, https:\/\/wgphoto.pl\/t\/wp-content\/uploads\/2025\/07\/2002q-11_rsn-768x509.jpg 768w\" sizes=\"auto, (max-width: 1300px) 100vw, 1300px\" \/><\/figure>\n\n\n\n<div class=\"wp-block-group has-global-padding is-layout-constrained wp-block-group-is-layout-constrained\">\n<p>SP42-201 z sezonem 54530 do Katowic par\u0119 minut po odje\u017adzie z \u0141eby. Na odcinku do L\u0119borka sk\u0142ad jecha\u0142 zapewne jako osobowy, jak ka\u017cdy poci\u0105g dalekobie\u017cny na tej linii. 10.07.2002<\/p>\n<\/div>\n","protected":false},"excerpt":{"rendered":"<p>SP42-201 z sezonem 54530 do Katowic par\u0119 minut po odje\u017adzie z \u0141eby. Na odcinku do L\u0119borka sk\u0142ad jecha\u0142 zapewne jako osobowy, jak ka\u017cdy poci\u0105g dalekobie\u017cny na tej linii. 10.07.2002<\/p>\n","protected":false},"author":1,"featured_media":21438,"comment_status":"open","ping_status":"","sticky":false,"template":"","format":"standard","meta":{"footnotes":""},"categories":[62,2,577],"tags":[3478,3350,63,27,316,3351],"class_list":["post-21437","post","type-post","status-publish","format-standard","has-post-thumbnail","hentry","category-analog","category-kolej","category-rok-2002","tag-2002-07-10","tag-leba","tag-pkp","tag-polska","tag-sp42","tag-tab-pl451"],"_links":{"self":[{"href":"https:\/\/wgphoto.pl\/t\/index.php?rest_route=\/wp\/v2\/posts\/21437","targetHints":{"allow":["GET"]}}],"collection":[{"href":"https:\/\/wgphoto.pl\/t\/index.php?rest_route=\/wp\/v2\/posts"}],"about":[{"href":"https:\/\/wgphoto.pl\/t\/index.php?rest_route=\/wp\/v2\/types\/post"}],"author":[{"embeddable":true,"href":"https:\/\/wgphoto.pl\/t\/index.php?rest_route=\/wp\/v2\/users\/1"}],"replies":[{"embeddable":true,"href":"https:\/\/wgphoto.pl\/t\/index.php?rest_route=%2Fwp%2Fv2%2Fcomments&post=21437"}],"version-history":[{"count":1,"href":"https:\/\/wgphoto.pl\/t\/index.php?rest_route=\/wp\/v2\/posts\/21437\/revisions"}],"predecessor-version":[{"id":21439,"href":"https:\/\/wgphoto.pl\/t\/index.php?rest_route=\/wp\/v2\/posts\/21437\/revisions\/21439"}],"wp:featuredmedia":[{"embeddable":true,"href":"https:\/\/wgphoto.pl\/t\/index.php?rest_route=\/wp\/v2\/media\/21438"}],"wp:attachment":[{"href":"https:\/\/wgphoto.pl\/t\/index.php?rest_route=%2Fwp%2Fv2%2Fmedia&parent=21437"}],"wp:term":[{"taxonomy":"category","embeddable":true,"href":"https:\/\/wgphoto.pl\/t\/index.php?rest_route=%2Fwp%2Fv2%2Fcategories&post=21437"},{"taxonomy":"post_tag","embeddable":true,"href":"https:\/\/wgphoto.pl\/t\/index.php?rest_route=%2Fwp%2Fv2%2Ftags&post=21437"}],"curies":[{"name":"wp","href":"https:\/\/api.w.org\/{rel}","templated":true}]}}