{"id":21453,"date":"2025-08-03T14:48:27","date_gmt":"2025-08-03T12:48:27","guid":{"rendered":"https:\/\/wgphoto.pl\/t\/?p=21453"},"modified":"2025-08-03T14:48:27","modified_gmt":"2025-08-03T12:48:27","slug":"woodstockiem-przez-budowe","status":"publish","type":"post","link":"https:\/\/wgphoto.pl\/t\/?p=21453","title":{"rendered":"Woodstockiem przez budow\u0119"},"content":{"rendered":"\n<figure class=\"wp-block-image aligncenter size-full\"><img loading=\"lazy\" decoding=\"async\" width=\"1400\" height=\"908\" src=\"https:\/\/wgphoto.pl\/t\/wp-content\/uploads\/2025\/08\/2002s-10_rsn.jpg\" alt=\"\" class=\"wp-image-21454\" srcset=\"https:\/\/wgphoto.pl\/t\/wp-content\/uploads\/2025\/08\/2002s-10_rsn.jpg 1400w, https:\/\/wgphoto.pl\/t\/wp-content\/uploads\/2025\/08\/2002s-10_rsn-300x195.jpg 300w, https:\/\/wgphoto.pl\/t\/wp-content\/uploads\/2025\/08\/2002s-10_rsn-768x498.jpg 768w\" sizes=\"auto, (max-width: 1400px) 100vw, 1400px\" \/><\/figure>\n\n\n\n<div class=\"wp-block-group has-global-padding is-layout-constrained wp-block-group-is-layout-constrained\">\n<p>EU07-423 z poci\u0105giem woodstockowym relacji Krak\u00f3w G\u0142. &#8211; \u017bary, zestawionym z Bip z Rzeszowa, przemierza b\u0119d\u0105cy w przebudowie szlak Wroc\u0142aw Le\u015bnica &#8211; Mi\u0119kinia. 02.08.2002<\/p>\n<\/div>\n","protected":false},"excerpt":{"rendered":"<p>EU07-423 z poci\u0105giem woodstockowym relacji Krak\u00f3w G\u0142. &#8211; \u017bary, zestawionym z Bip z Rzeszowa, przemierza b\u0119d\u0105cy w przebudowie szlak Wroc\u0142aw Le\u015bnica &#8211; Mi\u0119kinia. 02.08.2002<\/p>\n","protected":false},"author":1,"featured_media":21454,"comment_status":"open","ping_status":"","sticky":false,"template":"","format":"standard","meta":{"footnotes":""},"categories":[62,2,577],"tags":[762,288,745,122,4437,63,27,233,1278,926],"class_list":["post-21453","post","type-post","status-publish","format-standard","has-post-thumbnail","hentry","category-analog","category-kolej","category-rok-2002","tag-2002-08-02","tag-bipa","tag-budowa","tag-eu07","tag-mrozow","tag-pkp","tag-polska","tag-tab-pl260","tag-woodstock","tag-wroclaw-lesnica"],"_links":{"self":[{"href":"https:\/\/wgphoto.pl\/t\/index.php?rest_route=\/wp\/v2\/posts\/21453","targetHints":{"allow":["GET"]}}],"collection":[{"href":"https:\/\/wgphoto.pl\/t\/index.php?rest_route=\/wp\/v2\/posts"}],"about":[{"href":"https:\/\/wgphoto.pl\/t\/index.php?rest_route=\/wp\/v2\/types\/post"}],"author":[{"embeddable":true,"href":"https:\/\/wgphoto.pl\/t\/index.php?rest_route=\/wp\/v2\/users\/1"}],"replies":[{"embeddable":true,"href":"https:\/\/wgphoto.pl\/t\/index.php?rest_route=%2Fwp%2Fv2%2Fcomments&post=21453"}],"version-history":[{"count":1,"href":"https:\/\/wgphoto.pl\/t\/index.php?rest_route=\/wp\/v2\/posts\/21453\/revisions"}],"predecessor-version":[{"id":21455,"href":"https:\/\/wgphoto.pl\/t\/index.php?rest_route=\/wp\/v2\/posts\/21453\/revisions\/21455"}],"wp:featuredmedia":[{"embeddable":true,"href":"https:\/\/wgphoto.pl\/t\/index.php?rest_route=\/wp\/v2\/media\/21454"}],"wp:attachment":[{"href":"https:\/\/wgphoto.pl\/t\/index.php?rest_route=%2Fwp%2Fv2%2Fmedia&parent=21453"}],"wp:term":[{"taxonomy":"category","embeddable":true,"href":"https:\/\/wgphoto.pl\/t\/index.php?rest_route=%2Fwp%2Fv2%2Fcategories&post=21453"},{"taxonomy":"post_tag","embeddable":true,"href":"https:\/\/wgphoto.pl\/t\/index.php?rest_route=%2Fwp%2Fv2%2Ftags&post=21453"}],"curies":[{"name":"wp","href":"https:\/\/api.w.org\/{rel}","templated":true}]}}