{"id":21462,"date":"2025-08-03T17:39:54","date_gmt":"2025-08-03T15:39:54","guid":{"rendered":"https:\/\/wgphoto.pl\/t\/?p=21462"},"modified":"2025-08-03T17:39:54","modified_gmt":"2025-08-03T15:39:54","slug":"tramwaje-z-widokiem-na-rzeke","status":"publish","type":"post","link":"https:\/\/wgphoto.pl\/t\/?p=21462","title":{"rendered":"Tramwaje z widokiem na rzek\u0119"},"content":{"rendered":"\n<figure class=\"wp-block-image aligncenter size-full\"><img loading=\"lazy\" decoding=\"async\" width=\"800\" height=\"1000\" src=\"https:\/\/wgphoto.pl\/t\/wp-content\/uploads\/2025\/08\/IMGP7320-1.jpg\" alt=\"\" class=\"wp-image-21463\" srcset=\"https:\/\/wgphoto.pl\/t\/wp-content\/uploads\/2025\/08\/IMGP7320-1.jpg 800w, https:\/\/wgphoto.pl\/t\/wp-content\/uploads\/2025\/08\/IMGP7320-1-240x300.jpg 240w, https:\/\/wgphoto.pl\/t\/wp-content\/uploads\/2025\/08\/IMGP7320-1-768x960.jpg 768w\" sizes=\"auto, (max-width: 800px) 100vw, 800px\" \/><\/figure>\n\n\n\n<div class=\"wp-block-group has-global-padding is-layout-constrained wp-block-group-is-layout-constrained\">\n<p>Lizbona, Rua das Escolas Gerais. Wagon nr 580 min\u0105\u0142 si\u0119 z tramwajem linii 28 jad\u0105cym w przeciwnym kierunku, w tle za\u015b widoczne jest estuarium Tagu. 06.09.2010<\/p>\n<\/div>\n","protected":false},"excerpt":{"rendered":"<p>Lizbona, Rua das Escolas Gerais. Wagon nr 580 min\u0105\u0142 si\u0119 z tramwajem linii 28 jad\u0105cym w przeciwnym kierunku, w tle za\u015b widoczne jest estuarium Tagu. 06.09.2010<\/p>\n","protected":false},"author":1,"featured_media":21463,"comment_status":"open","ping_status":"","sticky":false,"template":"","format":"standard","meta":{"footnotes":""},"categories":[128,86,3],"tags":[300,299,298,297,588,73],"class_list":["post-21462","post","type-post","status-publish","format-standard","has-post-thumbnail","hentry","category-pionowe","category-rok-2010","category-tramwaj","tag-2010-09-06","tag-carris-lisboa","tag-lizbona","tag-portugalia","tag-remodelado","tag-rzeka"],"_links":{"self":[{"href":"https:\/\/wgphoto.pl\/t\/index.php?rest_route=\/wp\/v2\/posts\/21462","targetHints":{"allow":["GET"]}}],"collection":[{"href":"https:\/\/wgphoto.pl\/t\/index.php?rest_route=\/wp\/v2\/posts"}],"about":[{"href":"https:\/\/wgphoto.pl\/t\/index.php?rest_route=\/wp\/v2\/types\/post"}],"author":[{"embeddable":true,"href":"https:\/\/wgphoto.pl\/t\/index.php?rest_route=\/wp\/v2\/users\/1"}],"replies":[{"embeddable":true,"href":"https:\/\/wgphoto.pl\/t\/index.php?rest_route=%2Fwp%2Fv2%2Fcomments&post=21462"}],"version-history":[{"count":1,"href":"https:\/\/wgphoto.pl\/t\/index.php?rest_route=\/wp\/v2\/posts\/21462\/revisions"}],"predecessor-version":[{"id":21464,"href":"https:\/\/wgphoto.pl\/t\/index.php?rest_route=\/wp\/v2\/posts\/21462\/revisions\/21464"}],"wp:featuredmedia":[{"embeddable":true,"href":"https:\/\/wgphoto.pl\/t\/index.php?rest_route=\/wp\/v2\/media\/21463"}],"wp:attachment":[{"href":"https:\/\/wgphoto.pl\/t\/index.php?rest_route=%2Fwp%2Fv2%2Fmedia&parent=21462"}],"wp:term":[{"taxonomy":"category","embeddable":true,"href":"https:\/\/wgphoto.pl\/t\/index.php?rest_route=%2Fwp%2Fv2%2Fcategories&post=21462"},{"taxonomy":"post_tag","embeddable":true,"href":"https:\/\/wgphoto.pl\/t\/index.php?rest_route=%2Fwp%2Fv2%2Ftags&post=21462"}],"curies":[{"name":"wp","href":"https:\/\/api.w.org\/{rel}","templated":true}]}}