{"id":21465,"date":"2025-08-03T17:41:00","date_gmt":"2025-08-03T15:41:00","guid":{"rendered":"https:\/\/wgphoto.pl\/t\/?p=21465"},"modified":"2025-08-03T17:41:00","modified_gmt":"2025-08-03T15:41:00","slug":"k2yu-268","status":"publish","type":"post","link":"https:\/\/wgphoto.pl\/t\/?p=21465","title":{"rendered":"K2YU 268"},"content":{"rendered":"\n<figure class=\"wp-block-image aligncenter size-full\"><img loading=\"lazy\" decoding=\"async\" width=\"1300\" height=\"870\" src=\"https:\/\/wgphoto.pl\/t\/wp-content\/uploads\/2025\/08\/IMGP3481.jpg\" alt=\"\" class=\"wp-image-21466\" srcset=\"https:\/\/wgphoto.pl\/t\/wp-content\/uploads\/2025\/08\/IMGP3481.jpg 1300w, https:\/\/wgphoto.pl\/t\/wp-content\/uploads\/2025\/08\/IMGP3481-300x201.jpg 300w, https:\/\/wgphoto.pl\/t\/wp-content\/uploads\/2025\/08\/IMGP3481-768x514.jpg 768w\" sizes=\"auto, (max-width: 1300px) 100vw, 1300px\" \/><\/figure>\n\n\n\n<div class=\"wp-block-group has-global-padding is-layout-constrained wp-block-group-is-layout-constrained\">\n<p>Sarajewo, Bulevar Me\u0161e Selimovi\u0107a. Tatra K2YU 268 mija osiedle Alipa\u0161ino polje. 24.08.2011<\/p>\n<\/div>\n","protected":false},"excerpt":{"rendered":"<p>Sarajewo, Bulevar Me\u0161e Selimovi\u0107a. Tatra K2YU 268 mija osiedle Alipa\u0161ino polje. 24.08.2011<\/p>\n","protected":false},"author":1,"featured_media":21466,"comment_status":"open","ping_status":"","sticky":false,"template":"","format":"standard","meta":{"footnotes":""},"categories":[77,3],"tags":[450,447,114,1522,448,994],"class_list":["post-21465","post","type-post","status-publish","format-standard","has-post-thumbnail","hentry","category-rok-2011","category-tramwaj","tag-2011-08-24","tag-bosnia-i-hercegowina","tag-gory","tag-gras-sarajevo","tag-sarajewo","tag-tatra-k2"],"_links":{"self":[{"href":"https:\/\/wgphoto.pl\/t\/index.php?rest_route=\/wp\/v2\/posts\/21465","targetHints":{"allow":["GET"]}}],"collection":[{"href":"https:\/\/wgphoto.pl\/t\/index.php?rest_route=\/wp\/v2\/posts"}],"about":[{"href":"https:\/\/wgphoto.pl\/t\/index.php?rest_route=\/wp\/v2\/types\/post"}],"author":[{"embeddable":true,"href":"https:\/\/wgphoto.pl\/t\/index.php?rest_route=\/wp\/v2\/users\/1"}],"replies":[{"embeddable":true,"href":"https:\/\/wgphoto.pl\/t\/index.php?rest_route=%2Fwp%2Fv2%2Fcomments&post=21465"}],"version-history":[{"count":1,"href":"https:\/\/wgphoto.pl\/t\/index.php?rest_route=\/wp\/v2\/posts\/21465\/revisions"}],"predecessor-version":[{"id":21467,"href":"https:\/\/wgphoto.pl\/t\/index.php?rest_route=\/wp\/v2\/posts\/21465\/revisions\/21467"}],"wp:featuredmedia":[{"embeddable":true,"href":"https:\/\/wgphoto.pl\/t\/index.php?rest_route=\/wp\/v2\/media\/21466"}],"wp:attachment":[{"href":"https:\/\/wgphoto.pl\/t\/index.php?rest_route=%2Fwp%2Fv2%2Fmedia&parent=21465"}],"wp:term":[{"taxonomy":"category","embeddable":true,"href":"https:\/\/wgphoto.pl\/t\/index.php?rest_route=%2Fwp%2Fv2%2Fcategories&post=21465"},{"taxonomy":"post_tag","embeddable":true,"href":"https:\/\/wgphoto.pl\/t\/index.php?rest_route=%2Fwp%2Fv2%2Ftags&post=21465"}],"curies":[{"name":"wp","href":"https:\/\/api.w.org\/{rel}","templated":true}]}}