{"id":21471,"date":"2025-08-03T17:42:52","date_gmt":"2025-08-03T15:42:52","guid":{"rendered":"https:\/\/wgphoto.pl\/t\/?p=21471"},"modified":"2025-08-03T17:42:52","modified_gmt":"2025-08-03T15:42:52","slug":"petla-na-mijance-2","status":"publish","type":"post","link":"https:\/\/wgphoto.pl\/t\/?p=21471","title":{"rendered":"P\u0119tla na mijance (2)"},"content":{"rendered":"\n<figure class=\"wp-block-image aligncenter size-full\"><img loading=\"lazy\" decoding=\"async\" width=\"1300\" height=\"870\" src=\"https:\/\/wgphoto.pl\/t\/wp-content\/uploads\/2025\/08\/IMGP1266a.jpg\" alt=\"\" class=\"wp-image-21473\" srcset=\"https:\/\/wgphoto.pl\/t\/wp-content\/uploads\/2025\/08\/IMGP1266a.jpg 1300w, https:\/\/wgphoto.pl\/t\/wp-content\/uploads\/2025\/08\/IMGP1266a-300x201.jpg 300w, https:\/\/wgphoto.pl\/t\/wp-content\/uploads\/2025\/08\/IMGP1266a-768x514.jpg 768w\" sizes=\"auto, (max-width: 1300px) 100vw, 1300px\" \/><\/figure>\n\n\n\n<div class=\"wp-block-group has-global-padding is-layout-constrained wp-block-group-is-layout-constrained\">\n<p>Tatra T3R.PV nr 27 sko\u0144czy\u0142a kurs linii 5 na p\u0119tli Vratislavice nad Nisou, v\u00fdhybna (czyli mijanka), kt\u00f3ra sw\u0105 nazw\u0119 wzi\u0119\u0142a od mijanki na jednotorowej trasie do Jablonca. 28.12.2009<\/p>\n<\/div>\n","protected":false},"excerpt":{"rendered":"<p>Tatra T3R.PV nr 27 sko\u0144czy\u0142a kurs linii 5 na p\u0119tli Vratislavice nad Nisou, v\u00fdhybna (czyli mijanka), kt\u00f3ra sw\u0105 nazw\u0119 wzi\u0119\u0142a od mijanki na jednotorowej trasie do Jablonca. 28.12.2009<\/p>\n","protected":false},"author":1,"featured_media":21473,"comment_status":"open","ping_status":"","sticky":false,"template":"","format":"standard","meta":{"footnotes":""},"categories":[169,3],"tags":[874,49,875,877,154,44,1011],"class_list":["post-21471","post","type-post","status-publish","format-standard","has-post-thumbnail","hentry","category-rok-2009","category-tramwaj","tag-2009-12-28","tag-czechy","tag-dpmlj-liberec","tag-liberec","tag-noc","tag-snieg","tag-tatra-t3"],"_links":{"self":[{"href":"https:\/\/wgphoto.pl\/t\/index.php?rest_route=\/wp\/v2\/posts\/21471","targetHints":{"allow":["GET"]}}],"collection":[{"href":"https:\/\/wgphoto.pl\/t\/index.php?rest_route=\/wp\/v2\/posts"}],"about":[{"href":"https:\/\/wgphoto.pl\/t\/index.php?rest_route=\/wp\/v2\/types\/post"}],"author":[{"embeddable":true,"href":"https:\/\/wgphoto.pl\/t\/index.php?rest_route=\/wp\/v2\/users\/1"}],"replies":[{"embeddable":true,"href":"https:\/\/wgphoto.pl\/t\/index.php?rest_route=%2Fwp%2Fv2%2Fcomments&post=21471"}],"version-history":[{"count":1,"href":"https:\/\/wgphoto.pl\/t\/index.php?rest_route=\/wp\/v2\/posts\/21471\/revisions"}],"predecessor-version":[{"id":21474,"href":"https:\/\/wgphoto.pl\/t\/index.php?rest_route=\/wp\/v2\/posts\/21471\/revisions\/21474"}],"wp:featuredmedia":[{"embeddable":true,"href":"https:\/\/wgphoto.pl\/t\/index.php?rest_route=\/wp\/v2\/media\/21473"}],"wp:attachment":[{"href":"https:\/\/wgphoto.pl\/t\/index.php?rest_route=%2Fwp%2Fv2%2Fmedia&parent=21471"}],"wp:term":[{"taxonomy":"category","embeddable":true,"href":"https:\/\/wgphoto.pl\/t\/index.php?rest_route=%2Fwp%2Fv2%2Fcategories&post=21471"},{"taxonomy":"post_tag","embeddable":true,"href":"https:\/\/wgphoto.pl\/t\/index.php?rest_route=%2Fwp%2Fv2%2Ftags&post=21471"}],"curies":[{"name":"wp","href":"https:\/\/api.w.org\/{rel}","templated":true}]}}