{"id":2148,"date":"2024-10-10T16:28:52","date_gmt":"2024-10-10T14:28:52","guid":{"rendered":"https:\/\/wgphoto.pl\/t\/?p=2148"},"modified":"2025-03-05T22:05:43","modified_gmt":"2025-03-05T21:05:43","slug":"nie-ma-tego-zlego","status":"publish","type":"post","link":"https:\/\/wgphoto.pl\/t\/?p=2148","title":{"rendered":"Nie ma tego z\u0142ego"},"content":{"rendered":"\n<figure class=\"wp-block-image aligncenter size-full\"><img loading=\"lazy\" decoding=\"async\" width=\"990\" height=\"660\" src=\"https:\/\/wgphoto.pl\/t\/wp-content\/uploads\/2024\/10\/20130607120838_0720-20.jpg\" alt=\"\" class=\"wp-image-2149\" srcset=\"https:\/\/wgphoto.pl\/t\/wp-content\/uploads\/2024\/10\/20130607120838_0720-20.jpg 990w, https:\/\/wgphoto.pl\/t\/wp-content\/uploads\/2024\/10\/20130607120838_0720-20-300x200.jpg 300w, https:\/\/wgphoto.pl\/t\/wp-content\/uploads\/2024\/10\/20130607120838_0720-20-768x512.jpg 768w\" sizes=\"auto, (max-width: 990px) 100vw, 990px\" \/><\/figure>\n\n\n\n<div class=\"wp-block-group has-global-padding is-layout-constrained wp-block-group-is-layout-constrained\">\n<p>Wiede\u0144, Wiedner Hauptstra\u00dfe. To mia\u0142o by\u0107 zdj\u0119cie przedstawiaj\u0105ce 54-metrowej d\u0142ugo\u015bci poci\u0105g Lokalbahnu w \u015br\u00f3dmiejskich klimatach, lecz w kadr wjecha\u0142 mi w\u00f3z linii 65. Ostatecznie i tak jestem zadowolony, bo mijanka wysz\u0142a ca\u0142kiem zgrabnie. Warto\u015bci dodaje te\u017c fakt, \u017ce linia 65 obecnie nie istnieje (zosta\u0142a zast\u0105piona wyd\u0142u\u017con\u0105 jedynk\u0105), a wozy typu E1 widywa\u0142em na niej bardzo rzadko (to tam trafi\u0142y pierwsze ULF-y typu A, a je\u015bli ju\u017c jecha\u0142 helmut, to typu E2). 2007-08-09<\/p>\n<\/div>\n","protected":false},"excerpt":{"rendered":"<p>Wiede\u0144, Wiedner Hauptstra\u00dfe. To mia\u0142o by\u0107 zdj\u0119cie przedstawiaj\u0105ce 54-metrowej d\u0142ugo\u015bci poci\u0105g Lokalbahnu w \u015br\u00f3dmiejskich klimatach, lecz w kadr wjecha\u0142 mi w\u00f3z linii 65. Ostatecznie i tak jestem zadowolony, bo mijanka wysz\u0142a ca\u0142kiem zgrabnie. Warto\u015bci dodaje te\u017c fakt, \u017ce linia 65 obecnie nie istnieje (zosta\u0142a zast\u0105piona wyd\u0142u\u017con\u0105 jedynk\u0105), a wozy typu E1 widywa\u0142em na niej bardzo [&hellip;]<\/p>\n","protected":false},"author":1,"featured_media":2149,"comment_status":"open","ping_status":"","sticky":false,"template":"","format":"standard","meta":{"footnotes":""},"categories":[62,96,3],"tags":[100,9,102,101,238,389,97,98,3362],"class_list":["post-2148","post","type-post","status-publish","format-standard","has-post-thumbnail","hentry","category-analog","category-rok-2007","category-tramwaj","tag-2007-08-09","tag-austria","tag-e1","tag-gt6","tag-gt8","tag-mijanka","tag-wieden","tag-wiener-linien","tag-wiener-lokalbahnen"],"_links":{"self":[{"href":"https:\/\/wgphoto.pl\/t\/index.php?rest_route=\/wp\/v2\/posts\/2148","targetHints":{"allow":["GET"]}}],"collection":[{"href":"https:\/\/wgphoto.pl\/t\/index.php?rest_route=\/wp\/v2\/posts"}],"about":[{"href":"https:\/\/wgphoto.pl\/t\/index.php?rest_route=\/wp\/v2\/types\/post"}],"author":[{"embeddable":true,"href":"https:\/\/wgphoto.pl\/t\/index.php?rest_route=\/wp\/v2\/users\/1"}],"replies":[{"embeddable":true,"href":"https:\/\/wgphoto.pl\/t\/index.php?rest_route=%2Fwp%2Fv2%2Fcomments&post=2148"}],"version-history":[{"count":1,"href":"https:\/\/wgphoto.pl\/t\/index.php?rest_route=\/wp\/v2\/posts\/2148\/revisions"}],"predecessor-version":[{"id":2150,"href":"https:\/\/wgphoto.pl\/t\/index.php?rest_route=\/wp\/v2\/posts\/2148\/revisions\/2150"}],"wp:featuredmedia":[{"embeddable":true,"href":"https:\/\/wgphoto.pl\/t\/index.php?rest_route=\/wp\/v2\/media\/2149"}],"wp:attachment":[{"href":"https:\/\/wgphoto.pl\/t\/index.php?rest_route=%2Fwp%2Fv2%2Fmedia&parent=2148"}],"wp:term":[{"taxonomy":"category","embeddable":true,"href":"https:\/\/wgphoto.pl\/t\/index.php?rest_route=%2Fwp%2Fv2%2Fcategories&post=2148"},{"taxonomy":"post_tag","embeddable":true,"href":"https:\/\/wgphoto.pl\/t\/index.php?rest_route=%2Fwp%2Fv2%2Ftags&post=2148"}],"curies":[{"name":"wp","href":"https:\/\/api.w.org\/{rel}","templated":true}]}}