{"id":21487,"date":"2025-08-05T17:18:18","date_gmt":"2025-08-05T15:18:18","guid":{"rendered":"https:\/\/wgphoto.pl\/t\/?p=21487"},"modified":"2025-08-05T17:18:18","modified_gmt":"2025-08-05T15:18:18","slug":"mijanka-we-wladku","status":"publish","type":"post","link":"https:\/\/wgphoto.pl\/t\/?p=21487","title":{"rendered":"Mijanka we W\u0142adku"},"content":{"rendered":"\n<figure class=\"wp-block-image aligncenter size-full\"><img loading=\"lazy\" decoding=\"async\" width=\"1300\" height=\"861\" src=\"https:\/\/wgphoto.pl\/t\/wp-content\/uploads\/2025\/08\/0520-26_rsn.jpg\" alt=\"\" class=\"wp-image-21488\" srcset=\"https:\/\/wgphoto.pl\/t\/wp-content\/uploads\/2025\/08\/0520-26_rsn.jpg 1300w, https:\/\/wgphoto.pl\/t\/wp-content\/uploads\/2025\/08\/0520-26_rsn-300x199.jpg 300w, https:\/\/wgphoto.pl\/t\/wp-content\/uploads\/2025\/08\/0520-26_rsn-768x509.jpg 768w\" sizes=\"auto, (max-width: 1300px) 100vw, 1300px\" \/><\/figure>\n\n\n\n<div class=\"wp-block-group has-global-padding is-layout-constrained wp-block-group-is-layout-constrained\">\n<p>SU46-041 z poci\u0105giem osobowym 93531 z Gdyni G\u0142. do Helu wje\u017cd\u017ca na stacj\u0119 W\u0142adys\u0142awowo. Obok na odjazd czeka Ex 51410 &#8222;Jantar&#8221; z Helu do Warszawy Zachodniej, prowadzony SU46-009. 29.07.2005<\/p>\n<\/div>\n","protected":false},"excerpt":{"rendered":"<p>SU46-041 z poci\u0105giem osobowym 93531 z Gdyni G\u0142. do Helu wje\u017cd\u017ca na stacj\u0119 W\u0142adys\u0142awowo. Obok na odjazd czeka Ex 51410 &#8222;Jantar&#8221; z Helu do Warszawy Zachodniej, prowadzony SU46-009. 29.07.2005<\/p>\n","protected":false},"author":1,"featured_media":21488,"comment_status":"open","ping_status":"","sticky":false,"template":"","format":"standard","meta":{"footnotes":""},"categories":[62,2,311],"tags":[1094,389,63,27,84,1095,1321],"class_list":["post-21487","post","type-post","status-publish","format-standard","has-post-thumbnail","hentry","category-analog","category-kolej","category-rok-2005","tag-2005-07-29","tag-mijanka","tag-pkp","tag-polska","tag-su46","tag-tab-pl450","tag-wladyslawowo"],"_links":{"self":[{"href":"https:\/\/wgphoto.pl\/t\/index.php?rest_route=\/wp\/v2\/posts\/21487","targetHints":{"allow":["GET"]}}],"collection":[{"href":"https:\/\/wgphoto.pl\/t\/index.php?rest_route=\/wp\/v2\/posts"}],"about":[{"href":"https:\/\/wgphoto.pl\/t\/index.php?rest_route=\/wp\/v2\/types\/post"}],"author":[{"embeddable":true,"href":"https:\/\/wgphoto.pl\/t\/index.php?rest_route=\/wp\/v2\/users\/1"}],"replies":[{"embeddable":true,"href":"https:\/\/wgphoto.pl\/t\/index.php?rest_route=%2Fwp%2Fv2%2Fcomments&post=21487"}],"version-history":[{"count":1,"href":"https:\/\/wgphoto.pl\/t\/index.php?rest_route=\/wp\/v2\/posts\/21487\/revisions"}],"predecessor-version":[{"id":21489,"href":"https:\/\/wgphoto.pl\/t\/index.php?rest_route=\/wp\/v2\/posts\/21487\/revisions\/21489"}],"wp:featuredmedia":[{"embeddable":true,"href":"https:\/\/wgphoto.pl\/t\/index.php?rest_route=\/wp\/v2\/media\/21488"}],"wp:attachment":[{"href":"https:\/\/wgphoto.pl\/t\/index.php?rest_route=%2Fwp%2Fv2%2Fmedia&parent=21487"}],"wp:term":[{"taxonomy":"category","embeddable":true,"href":"https:\/\/wgphoto.pl\/t\/index.php?rest_route=%2Fwp%2Fv2%2Fcategories&post=21487"},{"taxonomy":"post_tag","embeddable":true,"href":"https:\/\/wgphoto.pl\/t\/index.php?rest_route=%2Fwp%2Fv2%2Ftags&post=21487"}],"curies":[{"name":"wp","href":"https:\/\/api.w.org\/{rel}","templated":true}]}}