{"id":21499,"date":"2025-08-05T17:22:56","date_gmt":"2025-08-05T15:22:56","guid":{"rendered":"https:\/\/wgphoto.pl\/t\/?p=21499"},"modified":"2025-08-05T17:22:56","modified_gmt":"2025-08-05T15:22:56","slug":"102na-2019","status":"publish","type":"post","link":"https:\/\/wgphoto.pl\/t\/?p=21499","title":{"rendered":"102Na 2019"},"content":{"rendered":"\n<figure class=\"wp-block-image aligncenter size-full\"><img loading=\"lazy\" decoding=\"async\" width=\"1299\" height=\"831\" src=\"https:\/\/wgphoto.pl\/t\/wp-content\/uploads\/2025\/08\/2002o-20_rsn.jpg\" alt=\"\" class=\"wp-image-21500\" srcset=\"https:\/\/wgphoto.pl\/t\/wp-content\/uploads\/2025\/08\/2002o-20_rsn.jpg 1299w, https:\/\/wgphoto.pl\/t\/wp-content\/uploads\/2025\/08\/2002o-20_rsn-300x192.jpg 300w, https:\/\/wgphoto.pl\/t\/wp-content\/uploads\/2025\/08\/2002o-20_rsn-768x491.jpg 768w\" sizes=\"auto, (max-width: 1299px) 100vw, 1299px\" \/><\/figure>\n\n\n\n<div class=\"wp-block-group has-global-padding is-layout-constrained wp-block-group-is-layout-constrained\">\n<p>Wroc\u0142aw, ul. Powsta\u0144c\u00f3w \u015al\u0105skich, 102Na 2019. Prezentowany wagon by\u0142 w\u00f3wczas jedn\u0105 z dw\u00f3ch stodw\u00f3jek z gniazdami WS z przodu. W tle za\u015b warto zwr\u00f3ci\u0107 uwag\u0119 na czynny jeszcze dla aut przejazd wzd\u0142u\u017c ul. Sztabowej. 02.07.2002<\/p>\n<\/div>\n","protected":false},"excerpt":{"rendered":"<p>Wroc\u0142aw, ul. Powsta\u0144c\u00f3w \u015al\u0105skich, 102Na 2019. Prezentowany wagon by\u0142 w\u00f3wczas jedn\u0105 z dw\u00f3ch stodw\u00f3jek z gniazdami WS z przodu. W tle za\u015b warto zwr\u00f3ci\u0107 uwag\u0119 na czynny jeszcze dla aut przejazd wzd\u0142u\u017c ul. Sztabowej. 02.07.2002<\/p>\n","protected":false},"author":1,"featured_media":21500,"comment_status":"open","ping_status":"","sticky":false,"template":"","format":"standard","meta":{"footnotes":""},"categories":[62,577,3],"tags":[4277,309,42,27,41],"class_list":["post-21499","post","type-post","status-publish","format-standard","has-post-thumbnail","hentry","category-analog","category-rok-2002","category-tramwaj","tag-2002-07-02","tag-konstal-102na","tag-mpk-wroclaw","tag-polska","tag-wroclaw"],"_links":{"self":[{"href":"https:\/\/wgphoto.pl\/t\/index.php?rest_route=\/wp\/v2\/posts\/21499","targetHints":{"allow":["GET"]}}],"collection":[{"href":"https:\/\/wgphoto.pl\/t\/index.php?rest_route=\/wp\/v2\/posts"}],"about":[{"href":"https:\/\/wgphoto.pl\/t\/index.php?rest_route=\/wp\/v2\/types\/post"}],"author":[{"embeddable":true,"href":"https:\/\/wgphoto.pl\/t\/index.php?rest_route=\/wp\/v2\/users\/1"}],"replies":[{"embeddable":true,"href":"https:\/\/wgphoto.pl\/t\/index.php?rest_route=%2Fwp%2Fv2%2Fcomments&post=21499"}],"version-history":[{"count":1,"href":"https:\/\/wgphoto.pl\/t\/index.php?rest_route=\/wp\/v2\/posts\/21499\/revisions"}],"predecessor-version":[{"id":21501,"href":"https:\/\/wgphoto.pl\/t\/index.php?rest_route=\/wp\/v2\/posts\/21499\/revisions\/21501"}],"wp:featuredmedia":[{"embeddable":true,"href":"https:\/\/wgphoto.pl\/t\/index.php?rest_route=\/wp\/v2\/media\/21500"}],"wp:attachment":[{"href":"https:\/\/wgphoto.pl\/t\/index.php?rest_route=%2Fwp%2Fv2%2Fmedia&parent=21499"}],"wp:term":[{"taxonomy":"category","embeddable":true,"href":"https:\/\/wgphoto.pl\/t\/index.php?rest_route=%2Fwp%2Fv2%2Fcategories&post=21499"},{"taxonomy":"post_tag","embeddable":true,"href":"https:\/\/wgphoto.pl\/t\/index.php?rest_route=%2Fwp%2Fv2%2Ftags&post=21499"}],"curies":[{"name":"wp","href":"https:\/\/api.w.org\/{rel}","templated":true}]}}