{"id":21502,"date":"2025-08-05T17:24:42","date_gmt":"2025-08-05T15:24:42","guid":{"rendered":"https:\/\/wgphoto.pl\/t\/?p=21502"},"modified":"2025-08-05T17:24:42","modified_gmt":"2025-08-05T15:24:42","slug":"jedyny-lubelski-obieg","status":"publish","type":"post","link":"https:\/\/wgphoto.pl\/t\/?p=21502","title":{"rendered":"Jedyny lubelski obieg"},"content":{"rendered":"\n<figure class=\"wp-block-image aligncenter size-full\"><img loading=\"lazy\" decoding=\"async\" width=\"800\" height=\"1000\" src=\"https:\/\/wgphoto.pl\/t\/wp-content\/uploads\/2025\/08\/0317-07.jpg\" alt=\"\" class=\"wp-image-21503\" srcset=\"https:\/\/wgphoto.pl\/t\/wp-content\/uploads\/2025\/08\/0317-07.jpg 800w, https:\/\/wgphoto.pl\/t\/wp-content\/uploads\/2025\/08\/0317-07-240x300.jpg 240w, https:\/\/wgphoto.pl\/t\/wp-content\/uploads\/2025\/08\/0317-07-768x960.jpg 768w\" sizes=\"auto, (max-width: 800px) 100vw, 800px\" \/><\/figure>\n\n\n\n<div class=\"wp-block-group has-global-padding is-layout-constrained wp-block-group-is-layout-constrained\">\n<p>EP07-544 z CM Lublin podstawia si\u0119 w perony Wroc\u0142awia G\u0142\u00f3wnego ze sk\u0142adem poci\u0105gu pospiesznego 62100 &#8222;Bolko&#8221; do Lublina. Z tego co pami\u0119tam, by\u0142 to w\u00f3wczas jedyny obieg obs\u0142ugiwany planowo lubelsk\u0105 si\u00f3demk\u0105 a\u017c do Wroc\u0142awia. Foto wykopa\u0142em z zasob\u00f3w, poniewa\u017c ta lokomotywa zyska\u0142a w\u0142a\u015bnie barwy niemal identyczne jak na zdj\u0119ciu. 22.06.2003<\/p>\n<\/div>\n","protected":false},"excerpt":{"rendered":"<p>EP07-544 z CM Lublin podstawia si\u0119 w perony Wroc\u0142awia G\u0142\u00f3wnego ze sk\u0142adem poci\u0105gu pospiesznego 62100 &#8222;Bolko&#8221; do Lublina. Z tego co pami\u0119tam, by\u0142 to w\u00f3wczas jedyny obieg obs\u0142ugiwany planowo lubelsk\u0105 si\u00f3demk\u0105 a\u017c do Wroc\u0142awia. Foto wykopa\u0142em z zasob\u00f3w, poniewa\u017c ta lokomotywa zyska\u0142a w\u0142a\u015bnie barwy niemal identyczne jak na zdj\u0119ciu. 22.06.2003<\/p>\n","protected":false},"author":1,"featured_media":21503,"comment_status":"open","ping_status":"","sticky":false,"template":"","format":"standard","meta":{"footnotes":""},"categories":[62,2,128,149],"tags":[4087,124,63,27,41,180],"class_list":["post-21502","post","type-post","status-publish","format-standard","has-post-thumbnail","hentry","category-analog","category-kolej","category-pionowe","category-rok-2003","tag-2003-06-22","tag-ep07","tag-pkp","tag-polska","tag-wroclaw","tag-wroclaw-glowny"],"_links":{"self":[{"href":"https:\/\/wgphoto.pl\/t\/index.php?rest_route=\/wp\/v2\/posts\/21502","targetHints":{"allow":["GET"]}}],"collection":[{"href":"https:\/\/wgphoto.pl\/t\/index.php?rest_route=\/wp\/v2\/posts"}],"about":[{"href":"https:\/\/wgphoto.pl\/t\/index.php?rest_route=\/wp\/v2\/types\/post"}],"author":[{"embeddable":true,"href":"https:\/\/wgphoto.pl\/t\/index.php?rest_route=\/wp\/v2\/users\/1"}],"replies":[{"embeddable":true,"href":"https:\/\/wgphoto.pl\/t\/index.php?rest_route=%2Fwp%2Fv2%2Fcomments&post=21502"}],"version-history":[{"count":1,"href":"https:\/\/wgphoto.pl\/t\/index.php?rest_route=\/wp\/v2\/posts\/21502\/revisions"}],"predecessor-version":[{"id":21504,"href":"https:\/\/wgphoto.pl\/t\/index.php?rest_route=\/wp\/v2\/posts\/21502\/revisions\/21504"}],"wp:featuredmedia":[{"embeddable":true,"href":"https:\/\/wgphoto.pl\/t\/index.php?rest_route=\/wp\/v2\/media\/21503"}],"wp:attachment":[{"href":"https:\/\/wgphoto.pl\/t\/index.php?rest_route=%2Fwp%2Fv2%2Fmedia&parent=21502"}],"wp:term":[{"taxonomy":"category","embeddable":true,"href":"https:\/\/wgphoto.pl\/t\/index.php?rest_route=%2Fwp%2Fv2%2Fcategories&post=21502"},{"taxonomy":"post_tag","embeddable":true,"href":"https:\/\/wgphoto.pl\/t\/index.php?rest_route=%2Fwp%2Fv2%2Ftags&post=21502"}],"curies":[{"name":"wp","href":"https:\/\/api.w.org\/{rel}","templated":true}]}}