{"id":21505,"date":"2025-08-05T17:26:02","date_gmt":"2025-08-05T15:26:02","guid":{"rendered":"https:\/\/wgphoto.pl\/t\/?p=21505"},"modified":"2025-08-05T17:26:02","modified_gmt":"2025-08-05T15:26:02","slug":"plac-maratonu-pokoju","status":"publish","type":"post","link":"https:\/\/wgphoto.pl\/t\/?p=21505","title":{"rendered":"Plac Maratonu Pokoju"},"content":{"rendered":"\n<figure class=\"wp-block-image aligncenter size-full\"><img loading=\"lazy\" decoding=\"async\" width=\"1300\" height=\"861\" src=\"https:\/\/wgphoto.pl\/t\/wp-content\/uploads\/2025\/08\/IMGP6513-1.jpg\" alt=\"\" class=\"wp-image-21506\" srcset=\"https:\/\/wgphoto.pl\/t\/wp-content\/uploads\/2025\/08\/IMGP6513-1.jpg 1300w, https:\/\/wgphoto.pl\/t\/wp-content\/uploads\/2025\/08\/IMGP6513-1-300x199.jpg 300w, https:\/\/wgphoto.pl\/t\/wp-content\/uploads\/2025\/08\/IMGP6513-1-768x509.jpg 768w\" sizes=\"auto, (max-width: 1300px) 100vw, 1300px\" \/><\/figure>\n\n\n\n<div class=\"wp-block-group has-global-padding is-layout-constrained wp-block-group-is-layout-constrained\">\n<p>Koszyce, n\u00e1mestie Marat\u00f3nu mieru. KT8D5R.N2 nr 521 zawr\u00f3ci\u0142 na p\u0119tli wok\u00f3\u0142 okaza\u0142ej budowli, widocznej w tle, mieszcz\u0105cej aktualnie miejscowy urz\u0105d wojew\u00f3dzki (krajski), i podstawia si\u0119 na pocz\u0105tkowy przystanek linii 9. Plac wzi\u0105\u0142 sw\u0105 nazw\u0119 od tytu\u0142owego biegu, odbywaj\u0105cego si\u0119 na ulicach Koszyc od 1924 roku, co czyni go najstarszym maratonem w Europie. 02.05.2024<\/p>\n<\/div>\n","protected":false},"excerpt":{"rendered":"<p>Koszyce, n\u00e1mestie Marat\u00f3nu mieru. KT8D5R.N2 nr 521 zawr\u00f3ci\u0142 na p\u0119tli wok\u00f3\u0142 okaza\u0142ej budowli, widocznej w tle, mieszcz\u0105cej aktualnie miejscowy urz\u0105d wojew\u00f3dzki (krajski), i podstawia si\u0119 na pocz\u0105tkowy przystanek linii 9. Plac wzi\u0105\u0142 sw\u0105 nazw\u0119 od tytu\u0142owego biegu, odbywaj\u0105cego si\u0119 na ulicach Koszyc od 1924 roku, co czyni go najstarszym maratonem w Europie. 02.05.2024<\/p>\n","protected":false},"author":1,"featured_media":21506,"comment_status":"open","ping_status":"","sticky":false,"template":"","format":"standard","meta":{"footnotes":""},"categories":[5,3],"tags":[764,34,91,1359,1358,759,675,1075,90],"class_list":["post-21505","post","type-post","status-publish","format-standard","has-post-thumbnail","hentry","category-2024r","category-tramwaj","tag-2024-05-02","tag-architektura","tag-blue-hour","tag-dpmk-kosice","tag-koszyce","tag-majowka-2024","tag-slowacja","tag-tatra-kt8","tag-wieczorem"],"_links":{"self":[{"href":"https:\/\/wgphoto.pl\/t\/index.php?rest_route=\/wp\/v2\/posts\/21505","targetHints":{"allow":["GET"]}}],"collection":[{"href":"https:\/\/wgphoto.pl\/t\/index.php?rest_route=\/wp\/v2\/posts"}],"about":[{"href":"https:\/\/wgphoto.pl\/t\/index.php?rest_route=\/wp\/v2\/types\/post"}],"author":[{"embeddable":true,"href":"https:\/\/wgphoto.pl\/t\/index.php?rest_route=\/wp\/v2\/users\/1"}],"replies":[{"embeddable":true,"href":"https:\/\/wgphoto.pl\/t\/index.php?rest_route=%2Fwp%2Fv2%2Fcomments&post=21505"}],"version-history":[{"count":1,"href":"https:\/\/wgphoto.pl\/t\/index.php?rest_route=\/wp\/v2\/posts\/21505\/revisions"}],"predecessor-version":[{"id":21507,"href":"https:\/\/wgphoto.pl\/t\/index.php?rest_route=\/wp\/v2\/posts\/21505\/revisions\/21507"}],"wp:featuredmedia":[{"embeddable":true,"href":"https:\/\/wgphoto.pl\/t\/index.php?rest_route=\/wp\/v2\/media\/21506"}],"wp:attachment":[{"href":"https:\/\/wgphoto.pl\/t\/index.php?rest_route=%2Fwp%2Fv2%2Fmedia&parent=21505"}],"wp:term":[{"taxonomy":"category","embeddable":true,"href":"https:\/\/wgphoto.pl\/t\/index.php?rest_route=%2Fwp%2Fv2%2Fcategories&post=21505"},{"taxonomy":"post_tag","embeddable":true,"href":"https:\/\/wgphoto.pl\/t\/index.php?rest_route=%2Fwp%2Fv2%2Ftags&post=21505"}],"curies":[{"name":"wp","href":"https:\/\/api.w.org\/{rel}","templated":true}]}}