{"id":2151,"date":"2024-10-10T16:32:22","date_gmt":"2024-10-10T14:32:22","guid":{"rendered":"https:\/\/wgphoto.pl\/t\/?p=2151"},"modified":"2024-10-10T16:35:37","modified_gmt":"2024-10-10T14:35:37","slug":"2151","status":"publish","type":"post","link":"https:\/\/wgphoto.pl\/t\/?p=2151","title":{"rendered":"Wy\u015bmienite warunki o\u015bwietleniowe"},"content":{"rendered":"\n<figure class=\"wp-block-image aligncenter size-full\"><img loading=\"lazy\" decoding=\"async\" width=\"1024\" height=\"683\" src=\"https:\/\/wgphoto.pl\/t\/wp-content\/uploads\/2024\/10\/20130728232225_imgp6103.jpg\" alt=\"\" class=\"wp-image-2152\" srcset=\"https:\/\/wgphoto.pl\/t\/wp-content\/uploads\/2024\/10\/20130728232225_imgp6103.jpg 1024w, https:\/\/wgphoto.pl\/t\/wp-content\/uploads\/2024\/10\/20130728232225_imgp6103-300x200.jpg 300w, https:\/\/wgphoto.pl\/t\/wp-content\/uploads\/2024\/10\/20130728232225_imgp6103-768x512.jpg 768w\" sizes=\"auto, (max-width: 1024px) 100vw, 1024px\" \/><\/figure>\n\n\n\n<div class=\"wp-block-group has-global-padding is-layout-constrained wp-block-group-is-layout-constrained\">\n<p>Sztokholm, Strandv\u00e4gen. Wagon 33 w strugach deszczu pomyka w stron\u0119 \u015br\u00f3dmiejskiego kra\u0144ca. Warunki pogodowe wida\u0107, o o\u015bwietleniowych za\u015b niechaj \u015bwiadcz\u0105 parametry: iso 800, 1\/125 i pe\u0142na dziura &#8211; a wszystko to dwie minuty przed po\u0142udniem, gdy powinno by\u0107 najja\u015bniej w dobie. 09.12.2011<\/p>\n<\/div>\n","protected":false},"excerpt":{"rendered":"<p>Sztokholm, Strandv\u00e4gen. Wagon 33 w strugach deszczu pomyka w stron\u0119 \u015br\u00f3dmiejskiego kra\u0144ca. Warunki pogodowe wida\u0107, o o\u015bwietleniowych za\u015b niechaj \u015bwiadcz\u0105 parametry: iso 800, 1\/125 i pe\u0142na dziura &#8211; a wszystko to dwie minuty przed po\u0142udniem, gdy powinno by\u0107 najja\u015bniej w dobie. 09.12.2011<\/p>\n","protected":false},"author":1,"featured_media":2152,"comment_status":"open","ping_status":"","sticky":false,"template":"","format":"standard","meta":{"footnotes":""},"categories":[77,3],"tags":[718,34,1126,13,682,686,685],"class_list":["post-2151","post","type-post","status-publish","format-standard","has-post-thumbnail","hentry","category-rok-2011","category-tramwaj","tag-2011-12-09","tag-architektura","tag-bombardier-flexity-classic","tag-deszcz","tag-sl-stockholm","tag-sztokholm","tag-szwecja"],"_links":{"self":[{"href":"https:\/\/wgphoto.pl\/t\/index.php?rest_route=\/wp\/v2\/posts\/2151","targetHints":{"allow":["GET"]}}],"collection":[{"href":"https:\/\/wgphoto.pl\/t\/index.php?rest_route=\/wp\/v2\/posts"}],"about":[{"href":"https:\/\/wgphoto.pl\/t\/index.php?rest_route=\/wp\/v2\/types\/post"}],"author":[{"embeddable":true,"href":"https:\/\/wgphoto.pl\/t\/index.php?rest_route=\/wp\/v2\/users\/1"}],"replies":[{"embeddable":true,"href":"https:\/\/wgphoto.pl\/t\/index.php?rest_route=%2Fwp%2Fv2%2Fcomments&post=2151"}],"version-history":[{"count":2,"href":"https:\/\/wgphoto.pl\/t\/index.php?rest_route=\/wp\/v2\/posts\/2151\/revisions"}],"predecessor-version":[{"id":2157,"href":"https:\/\/wgphoto.pl\/t\/index.php?rest_route=\/wp\/v2\/posts\/2151\/revisions\/2157"}],"wp:featuredmedia":[{"embeddable":true,"href":"https:\/\/wgphoto.pl\/t\/index.php?rest_route=\/wp\/v2\/media\/2152"}],"wp:attachment":[{"href":"https:\/\/wgphoto.pl\/t\/index.php?rest_route=%2Fwp%2Fv2%2Fmedia&parent=2151"}],"wp:term":[{"taxonomy":"category","embeddable":true,"href":"https:\/\/wgphoto.pl\/t\/index.php?rest_route=%2Fwp%2Fv2%2Fcategories&post=2151"},{"taxonomy":"post_tag","embeddable":true,"href":"https:\/\/wgphoto.pl\/t\/index.php?rest_route=%2Fwp%2Fv2%2Ftags&post=2151"}],"curies":[{"name":"wp","href":"https:\/\/api.w.org\/{rel}","templated":true}]}}