{"id":21523,"date":"2025-08-05T17:33:17","date_gmt":"2025-08-05T15:33:17","guid":{"rendered":"https:\/\/wgphoto.pl\/t\/?p=21523"},"modified":"2025-08-05T17:33:17","modified_gmt":"2025-08-05T15:33:17","slug":"gospodarcza-stopiatka","status":"publish","type":"post","link":"https:\/\/wgphoto.pl\/t\/?p=21523","title":{"rendered":"Gospodarcza stopi\u0105tka"},"content":{"rendered":"\n<figure class=\"wp-block-image aligncenter size-full\"><img loading=\"lazy\" decoding=\"async\" width=\"1300\" height=\"861\" src=\"https:\/\/wgphoto.pl\/t\/wp-content\/uploads\/2025\/08\/2002p-15_rsn.jpg\" alt=\"\" class=\"wp-image-21524\" srcset=\"https:\/\/wgphoto.pl\/t\/wp-content\/uploads\/2025\/08\/2002p-15_rsn.jpg 1300w, https:\/\/wgphoto.pl\/t\/wp-content\/uploads\/2025\/08\/2002p-15_rsn-300x199.jpg 300w, https:\/\/wgphoto.pl\/t\/wp-content\/uploads\/2025\/08\/2002p-15_rsn-768x509.jpg 768w\" sizes=\"auto, (max-width: 1300px) 100vw, 1300px\" \/><\/figure>\n\n\n\n<div class=\"wp-block-group has-global-padding is-layout-constrained wp-block-group-is-layout-constrained\">\n<p>105N 9001 na terenie zajezdni Wrzeszcz w Gda\u0144sku. W tamtym czasie, gdy stopi\u0105tki stanowi\u0142y trzon taboru liniowego we wszystkich polskich miastach, jako wagony gospodarcze s\u0142u\u017cy\u0142y raczej eNki, Gda\u0144sk jednak by\u0142 wyj\u0105tkiem. 04.07.2002<\/p>\n<\/div>\n","protected":false},"excerpt":{"rendered":"<p>105N 9001 na terenie zajezdni Wrzeszcz w Gda\u0144sku. W tamtym czasie, gdy stopi\u0105tki stanowi\u0142y trzon taboru liniowego we wszystkich polskich miastach, jako wagony gospodarcze s\u0142u\u017cy\u0142y raczej eNki, Gda\u0144sk jednak by\u0142 wyj\u0105tkiem. 04.07.2002<\/p>\n","protected":false},"author":1,"featured_media":21524,"comment_status":"open","ping_status":"","sticky":false,"template":"","format":"standard","meta":{"footnotes":""},"categories":[62,577,3],"tags":[354,2363,907,27,409,138,480],"class_list":["post-21523","post","type-post","status-publish","format-standard","has-post-thumbnail","hentry","category-analog","category-rok-2002","category-tramwaj","tag-105n","tag-2002-07-04","tag-gdansk","tag-polska","tag-roboczy","tag-zajezdnia","tag-zkm-gdansk"],"_links":{"self":[{"href":"https:\/\/wgphoto.pl\/t\/index.php?rest_route=\/wp\/v2\/posts\/21523","targetHints":{"allow":["GET"]}}],"collection":[{"href":"https:\/\/wgphoto.pl\/t\/index.php?rest_route=\/wp\/v2\/posts"}],"about":[{"href":"https:\/\/wgphoto.pl\/t\/index.php?rest_route=\/wp\/v2\/types\/post"}],"author":[{"embeddable":true,"href":"https:\/\/wgphoto.pl\/t\/index.php?rest_route=\/wp\/v2\/users\/1"}],"replies":[{"embeddable":true,"href":"https:\/\/wgphoto.pl\/t\/index.php?rest_route=%2Fwp%2Fv2%2Fcomments&post=21523"}],"version-history":[{"count":1,"href":"https:\/\/wgphoto.pl\/t\/index.php?rest_route=\/wp\/v2\/posts\/21523\/revisions"}],"predecessor-version":[{"id":21525,"href":"https:\/\/wgphoto.pl\/t\/index.php?rest_route=\/wp\/v2\/posts\/21523\/revisions\/21525"}],"wp:featuredmedia":[{"embeddable":true,"href":"https:\/\/wgphoto.pl\/t\/index.php?rest_route=\/wp\/v2\/media\/21524"}],"wp:attachment":[{"href":"https:\/\/wgphoto.pl\/t\/index.php?rest_route=%2Fwp%2Fv2%2Fmedia&parent=21523"}],"wp:term":[{"taxonomy":"category","embeddable":true,"href":"https:\/\/wgphoto.pl\/t\/index.php?rest_route=%2Fwp%2Fv2%2Fcategories&post=21523"},{"taxonomy":"post_tag","embeddable":true,"href":"https:\/\/wgphoto.pl\/t\/index.php?rest_route=%2Fwp%2Fv2%2Ftags&post=21523"}],"curies":[{"name":"wp","href":"https:\/\/api.w.org\/{rel}","templated":true}]}}