{"id":21529,"date":"2025-08-05T17:35:03","date_gmt":"2025-08-05T15:35:03","guid":{"rendered":"https:\/\/wgphoto.pl\/t\/?p=21529"},"modified":"2025-08-05T17:35:03","modified_gmt":"2025-08-05T15:35:03","slug":"witkow-slaski-o-poranku","status":"publish","type":"post","link":"https:\/\/wgphoto.pl\/t\/?p=21529","title":{"rendered":"Witk\u00f3w \u015al\u0105ski o poranku"},"content":{"rendered":"\n<figure class=\"wp-block-image aligncenter size-full\"><img loading=\"lazy\" decoding=\"async\" width=\"1300\" height=\"861\" src=\"https:\/\/wgphoto.pl\/t\/wp-content\/uploads\/2025\/08\/IMGP9909.jpg\" alt=\"\" class=\"wp-image-21530\" srcset=\"https:\/\/wgphoto.pl\/t\/wp-content\/uploads\/2025\/08\/IMGP9909.jpg 1300w, https:\/\/wgphoto.pl\/t\/wp-content\/uploads\/2025\/08\/IMGP9909-300x199.jpg 300w, https:\/\/wgphoto.pl\/t\/wp-content\/uploads\/2025\/08\/IMGP9909-768x509.jpg 768w\" sizes=\"auto, (max-width: 1300px) 100vw, 1300px\" \/><\/figure>\n\n\n\n<div class=\"wp-block-group has-global-padding is-layout-constrained wp-block-group-is-layout-constrained\">\n<p>Nieznana z numer\u00f3w (chyba jednak) EP07 z nocn\u0105 TLK-\u0105 z Warszawy do Jeleniej G\u00f3ry lub Szklarskiej Por\u0119by mija o poranku ostatnie zabudowania Witkowa \u015al\u0105skiego. 07.07.2018<\/p>\n<\/div>\n","protected":false},"excerpt":{"rendered":"<p>Nieznana z numer\u00f3w (chyba jednak) EP07 z nocn\u0105 TLK-\u0105 z Warszawy do Jeleniej G\u00f3ry lub Szklarskiej Por\u0119by mija o poranku ostatnie zabudowania Witkowa \u015al\u0105skiego. 07.07.2018<\/p>\n","protected":false},"author":1,"featured_media":21530,"comment_status":"open","ping_status":"","sticky":false,"template":"","format":"standard","meta":{"footnotes":""},"categories":[2,156],"tags":[2594,124,63,27,200,1433],"class_list":["post-21529","post","type-post","status-publish","format-standard","has-post-thumbnail","hentry","category-kolej","category-rok-2018","tag-2018-07-07","tag-ep07","tag-pkp","tag-polska","tag-tab-pl240","tag-witkow-slaski"],"_links":{"self":[{"href":"https:\/\/wgphoto.pl\/t\/index.php?rest_route=\/wp\/v2\/posts\/21529","targetHints":{"allow":["GET"]}}],"collection":[{"href":"https:\/\/wgphoto.pl\/t\/index.php?rest_route=\/wp\/v2\/posts"}],"about":[{"href":"https:\/\/wgphoto.pl\/t\/index.php?rest_route=\/wp\/v2\/types\/post"}],"author":[{"embeddable":true,"href":"https:\/\/wgphoto.pl\/t\/index.php?rest_route=\/wp\/v2\/users\/1"}],"replies":[{"embeddable":true,"href":"https:\/\/wgphoto.pl\/t\/index.php?rest_route=%2Fwp%2Fv2%2Fcomments&post=21529"}],"version-history":[{"count":1,"href":"https:\/\/wgphoto.pl\/t\/index.php?rest_route=\/wp\/v2\/posts\/21529\/revisions"}],"predecessor-version":[{"id":21531,"href":"https:\/\/wgphoto.pl\/t\/index.php?rest_route=\/wp\/v2\/posts\/21529\/revisions\/21531"}],"wp:featuredmedia":[{"embeddable":true,"href":"https:\/\/wgphoto.pl\/t\/index.php?rest_route=\/wp\/v2\/media\/21530"}],"wp:attachment":[{"href":"https:\/\/wgphoto.pl\/t\/index.php?rest_route=%2Fwp%2Fv2%2Fmedia&parent=21529"}],"wp:term":[{"taxonomy":"category","embeddable":true,"href":"https:\/\/wgphoto.pl\/t\/index.php?rest_route=%2Fwp%2Fv2%2Fcategories&post=21529"},{"taxonomy":"post_tag","embeddable":true,"href":"https:\/\/wgphoto.pl\/t\/index.php?rest_route=%2Fwp%2Fv2%2Ftags&post=21529"}],"curies":[{"name":"wp","href":"https:\/\/api.w.org\/{rel}","templated":true}]}}