{"id":21541,"date":"2025-08-05T17:38:44","date_gmt":"2025-08-05T15:38:44","guid":{"rendered":"https:\/\/wgphoto.pl\/t\/?p=21541"},"modified":"2025-08-09T11:53:10","modified_gmt":"2025-08-09T09:53:10","slug":"zatopek-z-towarowym","status":"publish","type":"post","link":"https:\/\/wgphoto.pl\/t\/?p=21541","title":{"rendered":"Z\u00e1topek z towarowym"},"content":{"rendered":"\n<figure class=\"wp-block-image aligncenter size-full\"><img loading=\"lazy\" decoding=\"async\" width=\"1300\" height=\"870\" src=\"https:\/\/wgphoto.pl\/t\/wp-content\/uploads\/2025\/08\/IMGP5892.jpg\" alt=\"\" class=\"wp-image-21542\" srcset=\"https:\/\/wgphoto.pl\/t\/wp-content\/uploads\/2025\/08\/IMGP5892.jpg 1300w, https:\/\/wgphoto.pl\/t\/wp-content\/uploads\/2025\/08\/IMGP5892-300x201.jpg 300w, https:\/\/wgphoto.pl\/t\/wp-content\/uploads\/2025\/08\/IMGP5892-768x514.jpg 768w\" sizes=\"auto, (max-width: 1300px) 100vw, 1300px\" \/><\/figure>\n\n\n\n<div class=\"wp-block-group has-global-padding is-layout-constrained wp-block-group-is-layout-constrained\">\n<p>Lokomotywy 380.008+363.022 z poci\u0105giem towarowym mijaj\u0105 Jesen\u00edk nad Odrou jad\u0105c w kierunku Ostrawy. Paskudne \u015bwiat\u0142o w po\u0142\u0105czeniu ze s\u0142abym obiektywem da\u0142y kiepski efekt, ale maszyn\u0119 serii 380 na testach(?) w \u010cD Cargo warto pokaza\u0107 &#8211; na co dzie\u0144 lokomotywy te prowadz\u0105 tylko sk\u0142ady pasa\u017cerskie. 15.08.2010<\/p>\n<\/div>\n","protected":false},"excerpt":{"rendered":"<p>Lokomotywy 380.008+363.022 z poci\u0105giem towarowym mijaj\u0105 Jesen\u00edk nad Odrou jad\u0105c w kierunku Ostrawy. Paskudne \u015bwiat\u0142o w po\u0142\u0105czeniu ze s\u0142abym obiektywem da\u0142y kiepski efekt, ale maszyn\u0119 serii 380 na testach(?) w \u010cD Cargo warto pokaza\u0107 &#8211; na co dzie\u0144 lokomotywy te prowadz\u0105 tylko sk\u0142ady pasa\u017cerskie. 15.08.2010<\/p>\n","protected":false},"author":1,"featured_media":21542,"comment_status":"open","ping_status":"","sticky":false,"template":"","format":"standard","meta":{"footnotes":""},"categories":[2,86],"tags":[791,51,1378,50,49,114,3629,113,981],"class_list":["post-21541","post","type-post","status-publish","format-standard","has-post-thumbnail","hentry","category-kolej","category-rok-2010","tag-2010-08-15","tag-51","tag-1378","tag-cd","tag-czechy","tag-gory","tag-jesenik-nad-odrou","tag-landszaft","tag-tab-cz270"],"_links":{"self":[{"href":"https:\/\/wgphoto.pl\/t\/index.php?rest_route=\/wp\/v2\/posts\/21541","targetHints":{"allow":["GET"]}}],"collection":[{"href":"https:\/\/wgphoto.pl\/t\/index.php?rest_route=\/wp\/v2\/posts"}],"about":[{"href":"https:\/\/wgphoto.pl\/t\/index.php?rest_route=\/wp\/v2\/types\/post"}],"author":[{"embeddable":true,"href":"https:\/\/wgphoto.pl\/t\/index.php?rest_route=\/wp\/v2\/users\/1"}],"replies":[{"embeddable":true,"href":"https:\/\/wgphoto.pl\/t\/index.php?rest_route=%2Fwp%2Fv2%2Fcomments&post=21541"}],"version-history":[{"count":2,"href":"https:\/\/wgphoto.pl\/t\/index.php?rest_route=\/wp\/v2\/posts\/21541\/revisions"}],"predecessor-version":[{"id":21620,"href":"https:\/\/wgphoto.pl\/t\/index.php?rest_route=\/wp\/v2\/posts\/21541\/revisions\/21620"}],"wp:featuredmedia":[{"embeddable":true,"href":"https:\/\/wgphoto.pl\/t\/index.php?rest_route=\/wp\/v2\/media\/21542"}],"wp:attachment":[{"href":"https:\/\/wgphoto.pl\/t\/index.php?rest_route=%2Fwp%2Fv2%2Fmedia&parent=21541"}],"wp:term":[{"taxonomy":"category","embeddable":true,"href":"https:\/\/wgphoto.pl\/t\/index.php?rest_route=%2Fwp%2Fv2%2Fcategories&post=21541"},{"taxonomy":"post_tag","embeddable":true,"href":"https:\/\/wgphoto.pl\/t\/index.php?rest_route=%2Fwp%2Fv2%2Ftags&post=21541"}],"curies":[{"name":"wp","href":"https:\/\/api.w.org\/{rel}","templated":true}]}}