{"id":21544,"date":"2025-08-05T17:39:39","date_gmt":"2025-08-05T15:39:39","guid":{"rendered":"https:\/\/wgphoto.pl\/t\/?p=21544"},"modified":"2025-08-05T17:39:39","modified_gmt":"2025-08-05T15:39:39","slug":"stridave-rano","status":"publish","type":"post","link":"https:\/\/wgphoto.pl\/t\/?p=21544","title":{"rendered":"St\u0159\u00eddav\u00e9 r\u00e1no"},"content":{"rendered":"\n<figure class=\"wp-block-image aligncenter size-full\"><img loading=\"lazy\" decoding=\"async\" width=\"1300\" height=\"861\" src=\"https:\/\/wgphoto.pl\/t\/wp-content\/uploads\/2025\/08\/IMGP0845.jpg\" alt=\"\" class=\"wp-image-21545\" srcset=\"https:\/\/wgphoto.pl\/t\/wp-content\/uploads\/2025\/08\/IMGP0845.jpg 1300w, https:\/\/wgphoto.pl\/t\/wp-content\/uploads\/2025\/08\/IMGP0845-300x199.jpg 300w, https:\/\/wgphoto.pl\/t\/wp-content\/uploads\/2025\/08\/IMGP0845-768x509.jpg 768w\" sizes=\"auto, (max-width: 1300px) 100vw, 1300px\" \/><\/figure>\n\n\n\n<div class=\"wp-block-group has-global-padding is-layout-constrained wp-block-group-is-layout-constrained\">\n<p>Zmiennonapi\u0119ciowe maszyny w mglisty poranek na stacji Jind\u0159ich\u016fv Hradec: 230.036-6 z towarem i 242.231-9 z przyspieszonym 1735 do Czeskich Budziejowic. Obecnie maszyny serii 242 w ruchu osobowym nie s\u0105 ju\u017c spotykane, ca\u0142\u0105 prac\u0119 przewozow\u0105 w tym segmencie przej\u0119\u0142y Regio Pantery. 24.09.2020<\/p>\n<\/div>\n","protected":false},"excerpt":{"rendered":"<p>Zmiennonapi\u0119ciowe maszyny w mglisty poranek na stacji Jind\u0159ich\u016fv Hradec: 230.036-6 z towarem i 242.231-9 z przyspieszonym 1735 do Czeskich Budziejowic. Obecnie maszyny serii 242 w ruchu osobowym nie s\u0105 ju\u017c spotykane, ca\u0142\u0105 prac\u0119 przewozow\u0105 w tym segmencie przej\u0119\u0142y Regio Pantery. 24.09.2020<\/p>\n","protected":false},"author":1,"featured_media":21545,"comment_status":"open","ping_status":"","sticky":false,"template":"","format":"standard","meta":{"footnotes":""},"categories":[2,676],"tags":[2001,829,305,50,49,2003,1898,821,176,1829],"class_list":["post-21544","post","type-post","status-publish","format-standard","has-post-thumbnail","hentry","category-kolej","category-rok-2020","tag-2020-09-24","tag-829","tag-305","tag-cd","tag-czechy","tag-czeskie-wakacje-2020","tag-jindrichuv-hradec","tag-mgla","tag-rano","tag-tab-cz225"],"_links":{"self":[{"href":"https:\/\/wgphoto.pl\/t\/index.php?rest_route=\/wp\/v2\/posts\/21544","targetHints":{"allow":["GET"]}}],"collection":[{"href":"https:\/\/wgphoto.pl\/t\/index.php?rest_route=\/wp\/v2\/posts"}],"about":[{"href":"https:\/\/wgphoto.pl\/t\/index.php?rest_route=\/wp\/v2\/types\/post"}],"author":[{"embeddable":true,"href":"https:\/\/wgphoto.pl\/t\/index.php?rest_route=\/wp\/v2\/users\/1"}],"replies":[{"embeddable":true,"href":"https:\/\/wgphoto.pl\/t\/index.php?rest_route=%2Fwp%2Fv2%2Fcomments&post=21544"}],"version-history":[{"count":1,"href":"https:\/\/wgphoto.pl\/t\/index.php?rest_route=\/wp\/v2\/posts\/21544\/revisions"}],"predecessor-version":[{"id":21546,"href":"https:\/\/wgphoto.pl\/t\/index.php?rest_route=\/wp\/v2\/posts\/21544\/revisions\/21546"}],"wp:featuredmedia":[{"embeddable":true,"href":"https:\/\/wgphoto.pl\/t\/index.php?rest_route=\/wp\/v2\/media\/21545"}],"wp:attachment":[{"href":"https:\/\/wgphoto.pl\/t\/index.php?rest_route=%2Fwp%2Fv2%2Fmedia&parent=21544"}],"wp:term":[{"taxonomy":"category","embeddable":true,"href":"https:\/\/wgphoto.pl\/t\/index.php?rest_route=%2Fwp%2Fv2%2Fcategories&post=21544"},{"taxonomy":"post_tag","embeddable":true,"href":"https:\/\/wgphoto.pl\/t\/index.php?rest_route=%2Fwp%2Fv2%2Ftags&post=21544"}],"curies":[{"name":"wp","href":"https:\/\/api.w.org\/{rel}","templated":true}]}}