{"id":21547,"date":"2025-08-05T17:40:31","date_gmt":"2025-08-05T15:40:31","guid":{"rendered":"https:\/\/wgphoto.pl\/t\/?p=21547"},"modified":"2025-08-05T17:40:31","modified_gmt":"2025-08-05T15:40:31","slug":"godz-2213","status":"publish","type":"post","link":"https:\/\/wgphoto.pl\/t\/?p=21547","title":{"rendered":"Godz. 22:13"},"content":{"rendered":"\n<figure class=\"wp-block-image aligncenter size-full\"><img loading=\"lazy\" decoding=\"async\" width=\"1200\" height=\"803\" src=\"https:\/\/wgphoto.pl\/t\/wp-content\/uploads\/2025\/08\/IMGP1185.jpg\" alt=\"\" class=\"wp-image-21548\" srcset=\"https:\/\/wgphoto.pl\/t\/wp-content\/uploads\/2025\/08\/IMGP1185.jpg 1200w, https:\/\/wgphoto.pl\/t\/wp-content\/uploads\/2025\/08\/IMGP1185-300x201.jpg 300w, https:\/\/wgphoto.pl\/t\/wp-content\/uploads\/2025\/08\/IMGP1185-768x514.jpg 768w\" sizes=\"auto, (max-width: 1200px) 100vw, 1200px\" \/><\/figure>\n\n\n\n<div class=\"wp-block-group has-global-padding is-layout-constrained wp-block-group-is-layout-constrained\">\n<p>Oslo, Dokkveien. Dwunastka (SL79 103) zje\u017cd\u017ca do poziomu morza. Co prawda o bia\u0142ych nocach m\u00f3wi\u0107 nie mo\u017cna, ale mo\u017cliwo\u015b\u0107 wykonania zdj\u0119cia w ruchu przy u\u017cyciu nie najja\u015bniejszego obiektywu o godzinie 22:13 i tak by\u0142a dla mnie spor\u0105 atrakcj\u0105. Foto jest s\u0142abiutkie technicznie &#8211; na ile pozwoli\u0142 stary Pentax z jeszcze starszym obiektywem, ale skoro ju\u017c si\u0119 wym\u0119czy\u0142em z obr\u00f3bk\u0105, to niechaj sobie zaistnieje tutaj. 22.05.2011<\/p>\n<\/div>\n","protected":false},"excerpt":{"rendered":"<p>Oslo, Dokkveien. Dwunastka (SL79 103) zje\u017cd\u017ca do poziomu morza. Co prawda o bia\u0142ych nocach m\u00f3wi\u0107 nie mo\u017cna, ale mo\u017cliwo\u015b\u0107 wykonania zdj\u0119cia w ruchu przy u\u017cyciu nie najja\u015bniejszego obiektywu o godzinie 22:13 i tak by\u0142a dla mnie spor\u0105 atrakcj\u0105. Foto jest s\u0142abiutkie technicznie &#8211; na ile pozwoli\u0142 stary Pentax z jeszcze starszym obiektywem, ale skoro ju\u017c [&hellip;]<\/p>\n","protected":false},"author":1,"featured_media":21548,"comment_status":"open","ping_status":"","sticky":false,"template":"","format":"standard","meta":{"footnotes":""},"categories":[77,3],"tags":[81,101,78,79,82,118,1033,90],"class_list":["post-21547","post","type-post","status-publish","format-standard","has-post-thumbnail","hentry","category-rok-2011","category-tramwaj","tag-2011-05-22","tag-gt6","tag-norwegia","tag-oslo","tag-oslotrikken","tag-plany-i-profile","tag-sl79","tag-wieczorem"],"_links":{"self":[{"href":"https:\/\/wgphoto.pl\/t\/index.php?rest_route=\/wp\/v2\/posts\/21547","targetHints":{"allow":["GET"]}}],"collection":[{"href":"https:\/\/wgphoto.pl\/t\/index.php?rest_route=\/wp\/v2\/posts"}],"about":[{"href":"https:\/\/wgphoto.pl\/t\/index.php?rest_route=\/wp\/v2\/types\/post"}],"author":[{"embeddable":true,"href":"https:\/\/wgphoto.pl\/t\/index.php?rest_route=\/wp\/v2\/users\/1"}],"replies":[{"embeddable":true,"href":"https:\/\/wgphoto.pl\/t\/index.php?rest_route=%2Fwp%2Fv2%2Fcomments&post=21547"}],"version-history":[{"count":1,"href":"https:\/\/wgphoto.pl\/t\/index.php?rest_route=\/wp\/v2\/posts\/21547\/revisions"}],"predecessor-version":[{"id":21549,"href":"https:\/\/wgphoto.pl\/t\/index.php?rest_route=\/wp\/v2\/posts\/21547\/revisions\/21549"}],"wp:featuredmedia":[{"embeddable":true,"href":"https:\/\/wgphoto.pl\/t\/index.php?rest_route=\/wp\/v2\/media\/21548"}],"wp:attachment":[{"href":"https:\/\/wgphoto.pl\/t\/index.php?rest_route=%2Fwp%2Fv2%2Fmedia&parent=21547"}],"wp:term":[{"taxonomy":"category","embeddable":true,"href":"https:\/\/wgphoto.pl\/t\/index.php?rest_route=%2Fwp%2Fv2%2Fcategories&post=21547"},{"taxonomy":"post_tag","embeddable":true,"href":"https:\/\/wgphoto.pl\/t\/index.php?rest_route=%2Fwp%2Fv2%2Ftags&post=21547"}],"curies":[{"name":"wp","href":"https:\/\/api.w.org\/{rel}","templated":true}]}}