{"id":21550,"date":"2025-08-05T17:41:34","date_gmt":"2025-08-05T15:41:34","guid":{"rendered":"https:\/\/wgphoto.pl\/t\/?p=21550"},"modified":"2025-08-05T17:41:34","modified_gmt":"2025-08-05T15:41:34","slug":"k2p-1051","status":"publish","type":"post","link":"https:\/\/wgphoto.pl\/t\/?p=21550","title":{"rendered":"K2P 1051"},"content":{"rendered":"\n<figure class=\"wp-block-image aligncenter size-full\"><img loading=\"lazy\" decoding=\"async\" width=\"1300\" height=\"870\" src=\"https:\/\/wgphoto.pl\/t\/wp-content\/uploads\/2025\/08\/IMGP7615.jpg\" alt=\"\" class=\"wp-image-21551\" srcset=\"https:\/\/wgphoto.pl\/t\/wp-content\/uploads\/2025\/08\/IMGP7615.jpg 1300w, https:\/\/wgphoto.pl\/t\/wp-content\/uploads\/2025\/08\/IMGP7615-300x201.jpg 300w, https:\/\/wgphoto.pl\/t\/wp-content\/uploads\/2025\/08\/IMGP7615-768x514.jpg 768w\" sizes=\"auto, (max-width: 1300px) 100vw, 1300px\" \/><\/figure>\n\n\n\n<div class=\"wp-block-group has-global-padding is-layout-constrained wp-block-group-is-layout-constrained\">\n<p>Brno, Palack\u00e9ho t\u0159\u00edda, Tatra K2P 1051 zje\u017cd\u017ca z tymczasowego jednotoru (odcinek mi\u0119dzy przystankami Husitsk\u00e1 i Kartouzsk\u00e1), kt\u00f3ry zabezpieczono nawet porz\u0105dn\u0105 sygnalizacj\u0105 (w prawym g\u00f3rnym rogu), mimo \u017ce ca\u0142y odcinek mo\u017cna by pokonywa\u0107 &#8222;na widoczno\u015b\u0107&#8221;. Prowadzenie prac pod ruchem by\u0142o dla mnie na tyle du\u017c\u0105 atrakcj\u0105, \u017ce pozwoli\u0142em sobie na ma\u0142\u0105 mas\u00f3wk\u0119. Z dzisiejszego punktu widzenia jest ona tym (dla niekt\u00f3rych, nie dla mnie \ud83d\ude09 ) cenniejsza, \u017ce wi\u0119kszo\u015b\u0107 tych tramwaj\u00f3w ju\u017c nie istnieje. 21.07.2009<\/p>\n<\/div>\n","protected":false},"excerpt":{"rendered":"<p>Brno, Palack\u00e9ho t\u0159\u00edda, Tatra K2P 1051 zje\u017cd\u017ca z tymczasowego jednotoru (odcinek mi\u0119dzy przystankami Husitsk\u00e1 i Kartouzsk\u00e1), kt\u00f3ry zabezpieczono nawet porz\u0105dn\u0105 sygnalizacj\u0105 (w prawym g\u00f3rnym rogu), mimo \u017ce ca\u0142y odcinek mo\u017cna by pokonywa\u0107 &#8222;na widoczno\u015b\u0107&#8221;. Prowadzenie prac pod ruchem by\u0142o dla mnie na tyle du\u017c\u0105 atrakcj\u0105, \u017ce pozwoli\u0142em sobie na ma\u0142\u0105 mas\u00f3wk\u0119. Z dzisiejszego punktu widzenia [&hellip;]<\/p>\n","protected":false},"author":1,"featured_media":21551,"comment_status":"open","ping_status":"","sticky":false,"template":"","format":"standard","meta":{"footnotes":""},"categories":[169,3],"tags":[1244,328,745,49,330,230,994],"class_list":["post-21550","post","type-post","status-publish","format-standard","has-post-thumbnail","hentry","category-rok-2009","category-tramwaj","tag-2009-07-21","tag-brno","tag-budowa","tag-czechy","tag-dpmb-brno","tag-infrastruktura","tag-tatra-k2"],"_links":{"self":[{"href":"https:\/\/wgphoto.pl\/t\/index.php?rest_route=\/wp\/v2\/posts\/21550","targetHints":{"allow":["GET"]}}],"collection":[{"href":"https:\/\/wgphoto.pl\/t\/index.php?rest_route=\/wp\/v2\/posts"}],"about":[{"href":"https:\/\/wgphoto.pl\/t\/index.php?rest_route=\/wp\/v2\/types\/post"}],"author":[{"embeddable":true,"href":"https:\/\/wgphoto.pl\/t\/index.php?rest_route=\/wp\/v2\/users\/1"}],"replies":[{"embeddable":true,"href":"https:\/\/wgphoto.pl\/t\/index.php?rest_route=%2Fwp%2Fv2%2Fcomments&post=21550"}],"version-history":[{"count":1,"href":"https:\/\/wgphoto.pl\/t\/index.php?rest_route=\/wp\/v2\/posts\/21550\/revisions"}],"predecessor-version":[{"id":21552,"href":"https:\/\/wgphoto.pl\/t\/index.php?rest_route=\/wp\/v2\/posts\/21550\/revisions\/21552"}],"wp:featuredmedia":[{"embeddable":true,"href":"https:\/\/wgphoto.pl\/t\/index.php?rest_route=\/wp\/v2\/media\/21551"}],"wp:attachment":[{"href":"https:\/\/wgphoto.pl\/t\/index.php?rest_route=%2Fwp%2Fv2%2Fmedia&parent=21550"}],"wp:term":[{"taxonomy":"category","embeddable":true,"href":"https:\/\/wgphoto.pl\/t\/index.php?rest_route=%2Fwp%2Fv2%2Fcategories&post=21550"},{"taxonomy":"post_tag","embeddable":true,"href":"https:\/\/wgphoto.pl\/t\/index.php?rest_route=%2Fwp%2Fv2%2Ftags&post=21550"}],"curies":[{"name":"wp","href":"https:\/\/api.w.org\/{rel}","templated":true}]}}