{"id":21556,"date":"2025-08-05T17:45:08","date_gmt":"2025-08-05T15:45:08","guid":{"rendered":"https:\/\/wgphoto.pl\/t\/?p=21556"},"modified":"2025-08-05T17:45:08","modified_gmt":"2025-08-05T15:45:08","slug":"t3m-15421572","status":"publish","type":"post","link":"https:\/\/wgphoto.pl\/t\/?p=21556","title":{"rendered":"T3M 1542+1572"},"content":{"rendered":"\n<figure class=\"wp-block-image aligncenter size-full\"><img loading=\"lazy\" decoding=\"async\" width=\"1300\" height=\"870\" src=\"https:\/\/wgphoto.pl\/t\/wp-content\/uploads\/2025\/08\/IMGP7616.jpg\" alt=\"\" class=\"wp-image-21557\" srcset=\"https:\/\/wgphoto.pl\/t\/wp-content\/uploads\/2025\/08\/IMGP7616.jpg 1300w, https:\/\/wgphoto.pl\/t\/wp-content\/uploads\/2025\/08\/IMGP7616-300x201.jpg 300w, https:\/\/wgphoto.pl\/t\/wp-content\/uploads\/2025\/08\/IMGP7616-768x514.jpg 768w\" sizes=\"auto, (max-width: 1300px) 100vw, 1300px\" \/><\/figure>\n\n\n\n<div class=\"wp-block-group has-global-padding is-layout-constrained wp-block-group-is-layout-constrained\">\n<p>Brno, Palack\u00e9ho t\u0159\u00edda. Sk\u0142ad T3M 1542+1572 zez\u0142omowano ju\u017c w marcu 2011. 21.07.2009<\/p>\n<\/div>\n","protected":false},"excerpt":{"rendered":"<p>Brno, Palack\u00e9ho t\u0159\u00edda. Sk\u0142ad T3M 1542+1572 zez\u0142omowano ju\u017c w marcu 2011. 21.07.2009<\/p>\n","protected":false},"author":1,"featured_media":21557,"comment_status":"open","ping_status":"","sticky":false,"template":"","format":"standard","meta":{"footnotes":""},"categories":[169,3],"tags":[1244,328,745,49,330,230,1011],"class_list":["post-21556","post","type-post","status-publish","format-standard","has-post-thumbnail","hentry","category-rok-2009","category-tramwaj","tag-2009-07-21","tag-brno","tag-budowa","tag-czechy","tag-dpmb-brno","tag-infrastruktura","tag-tatra-t3"],"_links":{"self":[{"href":"https:\/\/wgphoto.pl\/t\/index.php?rest_route=\/wp\/v2\/posts\/21556","targetHints":{"allow":["GET"]}}],"collection":[{"href":"https:\/\/wgphoto.pl\/t\/index.php?rest_route=\/wp\/v2\/posts"}],"about":[{"href":"https:\/\/wgphoto.pl\/t\/index.php?rest_route=\/wp\/v2\/types\/post"}],"author":[{"embeddable":true,"href":"https:\/\/wgphoto.pl\/t\/index.php?rest_route=\/wp\/v2\/users\/1"}],"replies":[{"embeddable":true,"href":"https:\/\/wgphoto.pl\/t\/index.php?rest_route=%2Fwp%2Fv2%2Fcomments&post=21556"}],"version-history":[{"count":1,"href":"https:\/\/wgphoto.pl\/t\/index.php?rest_route=\/wp\/v2\/posts\/21556\/revisions"}],"predecessor-version":[{"id":21558,"href":"https:\/\/wgphoto.pl\/t\/index.php?rest_route=\/wp\/v2\/posts\/21556\/revisions\/21558"}],"wp:featuredmedia":[{"embeddable":true,"href":"https:\/\/wgphoto.pl\/t\/index.php?rest_route=\/wp\/v2\/media\/21557"}],"wp:attachment":[{"href":"https:\/\/wgphoto.pl\/t\/index.php?rest_route=%2Fwp%2Fv2%2Fmedia&parent=21556"}],"wp:term":[{"taxonomy":"category","embeddable":true,"href":"https:\/\/wgphoto.pl\/t\/index.php?rest_route=%2Fwp%2Fv2%2Fcategories&post=21556"},{"taxonomy":"post_tag","embeddable":true,"href":"https:\/\/wgphoto.pl\/t\/index.php?rest_route=%2Fwp%2Fv2%2Ftags&post=21556"}],"curies":[{"name":"wp","href":"https:\/\/api.w.org\/{rel}","templated":true}]}}