{"id":21565,"date":"2025-08-05T17:47:47","date_gmt":"2025-08-05T15:47:47","guid":{"rendered":"https:\/\/wgphoto.pl\/t\/?p=21565"},"modified":"2025-08-05T17:47:47","modified_gmt":"2025-08-05T15:47:47","slug":"ostatnia-paroweczka-2","status":"publish","type":"post","link":"https:\/\/wgphoto.pl\/t\/?p=21565","title":{"rendered":"Ostatnia par\u00f3weczka"},"content":{"rendered":"\n<figure class=\"wp-block-image aligncenter size-full\"><img loading=\"lazy\" decoding=\"async\" width=\"1300\" height=\"870\" src=\"https:\/\/wgphoto.pl\/t\/wp-content\/uploads\/2025\/08\/IMGP7626.jpg\" alt=\"\" class=\"wp-image-21566\" srcset=\"https:\/\/wgphoto.pl\/t\/wp-content\/uploads\/2025\/08\/IMGP7626.jpg 1300w, https:\/\/wgphoto.pl\/t\/wp-content\/uploads\/2025\/08\/IMGP7626-300x201.jpg 300w, https:\/\/wgphoto.pl\/t\/wp-content\/uploads\/2025\/08\/IMGP7626-768x514.jpg 768w\" sizes=\"auto, (max-width: 1300px) 100vw, 1300px\" \/><\/figure>\n\n\n\n<div class=\"wp-block-group has-global-padding is-layout-constrained wp-block-group-is-layout-constrained\">\n<p>Brno, Palack\u00e9ho t\u0159\u00edda, Tatra K2P 1080. Ten wagon jest obecnie ostatni\u0105 liniow\u0105 &#8222;kadw\u00f3jk\u0105&#8221; w Brnie. 21.07.2009<\/p>\n<\/div>\n","protected":false},"excerpt":{"rendered":"<p>Brno, Palack\u00e9ho t\u0159\u00edda, Tatra K2P 1080. Ten wagon jest obecnie ostatni\u0105 liniow\u0105 &#8222;kadw\u00f3jk\u0105&#8221; w Brnie. 21.07.2009<\/p>\n","protected":false},"author":1,"featured_media":21566,"comment_status":"open","ping_status":"","sticky":false,"template":"","format":"standard","meta":{"footnotes":""},"categories":[169,3],"tags":[1244,328,745,49,330,230,994],"class_list":["post-21565","post","type-post","status-publish","format-standard","has-post-thumbnail","hentry","category-rok-2009","category-tramwaj","tag-2009-07-21","tag-brno","tag-budowa","tag-czechy","tag-dpmb-brno","tag-infrastruktura","tag-tatra-k2"],"_links":{"self":[{"href":"https:\/\/wgphoto.pl\/t\/index.php?rest_route=\/wp\/v2\/posts\/21565","targetHints":{"allow":["GET"]}}],"collection":[{"href":"https:\/\/wgphoto.pl\/t\/index.php?rest_route=\/wp\/v2\/posts"}],"about":[{"href":"https:\/\/wgphoto.pl\/t\/index.php?rest_route=\/wp\/v2\/types\/post"}],"author":[{"embeddable":true,"href":"https:\/\/wgphoto.pl\/t\/index.php?rest_route=\/wp\/v2\/users\/1"}],"replies":[{"embeddable":true,"href":"https:\/\/wgphoto.pl\/t\/index.php?rest_route=%2Fwp%2Fv2%2Fcomments&post=21565"}],"version-history":[{"count":1,"href":"https:\/\/wgphoto.pl\/t\/index.php?rest_route=\/wp\/v2\/posts\/21565\/revisions"}],"predecessor-version":[{"id":21567,"href":"https:\/\/wgphoto.pl\/t\/index.php?rest_route=\/wp\/v2\/posts\/21565\/revisions\/21567"}],"wp:featuredmedia":[{"embeddable":true,"href":"https:\/\/wgphoto.pl\/t\/index.php?rest_route=\/wp\/v2\/media\/21566"}],"wp:attachment":[{"href":"https:\/\/wgphoto.pl\/t\/index.php?rest_route=%2Fwp%2Fv2%2Fmedia&parent=21565"}],"wp:term":[{"taxonomy":"category","embeddable":true,"href":"https:\/\/wgphoto.pl\/t\/index.php?rest_route=%2Fwp%2Fv2%2Fcategories&post=21565"},{"taxonomy":"post_tag","embeddable":true,"href":"https:\/\/wgphoto.pl\/t\/index.php?rest_route=%2Fwp%2Fv2%2Ftags&post=21565"}],"curies":[{"name":"wp","href":"https:\/\/api.w.org\/{rel}","templated":true}]}}