{"id":21574,"date":"2025-08-05T17:56:54","date_gmt":"2025-08-05T15:56:54","guid":{"rendered":"https:\/\/wgphoto.pl\/t\/?p=21574"},"modified":"2025-08-05T22:30:14","modified_gmt":"2025-08-05T20:30:14","slug":"poranek-w-chojnicach","status":"publish","type":"post","link":"https:\/\/wgphoto.pl\/t\/?p=21574","title":{"rendered":"Poranek w Chojnicach"},"content":{"rendered":"\n<figure class=\"wp-block-image aligncenter size-full\"><img loading=\"lazy\" decoding=\"async\" width=\"1300\" height=\"862\" src=\"https:\/\/wgphoto.pl\/t\/wp-content\/uploads\/2025\/08\/0509-34.jpg\" alt=\"\" class=\"wp-image-21575\" srcset=\"https:\/\/wgphoto.pl\/t\/wp-content\/uploads\/2025\/08\/0509-34.jpg 1300w, https:\/\/wgphoto.pl\/t\/wp-content\/uploads\/2025\/08\/0509-34-300x199.jpg 300w, https:\/\/wgphoto.pl\/t\/wp-content\/uploads\/2025\/08\/0509-34-768x509.jpg 768w\" sizes=\"auto, (max-width: 1300px) 100vw, 1300px\" \/><\/figure>\n\n\n\n<div class=\"wp-block-group has-global-padding is-layout-constrained wp-block-group-is-layout-constrained\">\n<p>SU45-143 z poci\u0105giem osobowym 58741 relacji Tczew &#8211; Pi\u0142a G\u0142\u00f3wna odje\u017cd\u017ca z Chojnic. 03.05.2005<\/p>\n<\/div>\n","protected":false},"excerpt":{"rendered":"<p>SU45-143 z poci\u0105giem osobowym 58741 relacji Tczew &#8211; Pi\u0142a G\u0142\u00f3wna odje\u017cd\u017ca z Chojnic. 03.05.2005<\/p>\n","protected":false},"author":1,"featured_media":21575,"comment_status":"open","ping_status":"","sticky":false,"template":"","format":"standard","meta":{"footnotes":""},"categories":[62,2,311],"tags":[1043,288,3759,645,595,63,27,176,290,887,231],"class_list":["post-21574","post","type-post","status-publish","format-standard","has-post-thumbnail","hentry","category-analog","category-kolej","category-rok-2005","tag-2005-05-03","tag-bipa","tag-chojnice","tag-majowka-2005-2","tag-ostbahn","tag-pkp","tag-polska","tag-rano","tag-su45","tag-tab-pl426","tag-wieza-cisnien"],"_links":{"self":[{"href":"https:\/\/wgphoto.pl\/t\/index.php?rest_route=\/wp\/v2\/posts\/21574","targetHints":{"allow":["GET"]}}],"collection":[{"href":"https:\/\/wgphoto.pl\/t\/index.php?rest_route=\/wp\/v2\/posts"}],"about":[{"href":"https:\/\/wgphoto.pl\/t\/index.php?rest_route=\/wp\/v2\/types\/post"}],"author":[{"embeddable":true,"href":"https:\/\/wgphoto.pl\/t\/index.php?rest_route=\/wp\/v2\/users\/1"}],"replies":[{"embeddable":true,"href":"https:\/\/wgphoto.pl\/t\/index.php?rest_route=%2Fwp%2Fv2%2Fcomments&post=21574"}],"version-history":[{"count":1,"href":"https:\/\/wgphoto.pl\/t\/index.php?rest_route=\/wp\/v2\/posts\/21574\/revisions"}],"predecessor-version":[{"id":21576,"href":"https:\/\/wgphoto.pl\/t\/index.php?rest_route=\/wp\/v2\/posts\/21574\/revisions\/21576"}],"wp:featuredmedia":[{"embeddable":true,"href":"https:\/\/wgphoto.pl\/t\/index.php?rest_route=\/wp\/v2\/media\/21575"}],"wp:attachment":[{"href":"https:\/\/wgphoto.pl\/t\/index.php?rest_route=%2Fwp%2Fv2%2Fmedia&parent=21574"}],"wp:term":[{"taxonomy":"category","embeddable":true,"href":"https:\/\/wgphoto.pl\/t\/index.php?rest_route=%2Fwp%2Fv2%2Fcategories&post=21574"},{"taxonomy":"post_tag","embeddable":true,"href":"https:\/\/wgphoto.pl\/t\/index.php?rest_route=%2Fwp%2Fv2%2Ftags&post=21574"}],"curies":[{"name":"wp","href":"https:\/\/api.w.org\/{rel}","templated":true}]}}