{"id":21584,"date":"2025-08-05T18:04:54","date_gmt":"2025-08-05T16:04:54","guid":{"rendered":"https:\/\/wgphoto.pl\/t\/?p=21584"},"modified":"2025-08-05T18:06:41","modified_gmt":"2025-08-05T16:06:41","slug":"krzywa-nastawnia","status":"publish","type":"post","link":"https:\/\/wgphoto.pl\/t\/?p=21584","title":{"rendered":"Krzywa nastawnia"},"content":{"rendered":"\n<figure class=\"wp-block-image aligncenter size-full\"><img loading=\"lazy\" decoding=\"async\" width=\"1300\" height=\"862\" src=\"https:\/\/wgphoto.pl\/t\/wp-content\/uploads\/2025\/08\/0803-27.jpg\" alt=\"\" class=\"wp-image-21585\" srcset=\"https:\/\/wgphoto.pl\/t\/wp-content\/uploads\/2025\/08\/0803-27.jpg 1300w, https:\/\/wgphoto.pl\/t\/wp-content\/uploads\/2025\/08\/0803-27-300x199.jpg 300w, https:\/\/wgphoto.pl\/t\/wp-content\/uploads\/2025\/08\/0803-27-768x509.jpg 768w\" sizes=\"auto, (max-width: 1300px) 100vw, 1300px\" \/><\/figure>\n\n\n\n<div class=\"wp-block-group has-global-padding is-layout-constrained wp-block-group-is-layout-constrained\">\n<p>ET22-876 z poci\u0105giem osobowym 806 relacji Racib\u00f3rz &#8211; Katowice wje\u017cd\u017ca do Orzesza, mijaj\u0105c nietrzymaj\u0105c\u0105 pionu nastawni\u0119 wykonawcz\u0105 Or1. 08.03.2008<\/p>\n<\/div>\n","protected":false},"excerpt":{"rendered":"<p>ET22-876 z poci\u0105giem osobowym 806 relacji Racib\u00f3rz &#8211; Katowice wje\u017cd\u017ca do Orzesza, mijaj\u0105c nietrzymaj\u0105c\u0105 pionu nastawni\u0119 wykonawcz\u0105 Or1. 08.03.2008<\/p>\n","protected":false},"author":1,"featured_media":21585,"comment_status":"open","ping_status":"","sticky":false,"template":"","format":"standard","meta":{"footnotes":""},"categories":[62,2,120],"tags":[1426,26,4447,63,27,1385],"class_list":["post-21584","post","type-post","status-publish","format-standard","has-post-thumbnail","hentry","category-analog","category-kolej","category-rok-2008","tag-2008-03-08","tag-et22","tag-orzesze","tag-pkp","tag-polska","tag-tab-pl152"],"_links":{"self":[{"href":"https:\/\/wgphoto.pl\/t\/index.php?rest_route=\/wp\/v2\/posts\/21584","targetHints":{"allow":["GET"]}}],"collection":[{"href":"https:\/\/wgphoto.pl\/t\/index.php?rest_route=\/wp\/v2\/posts"}],"about":[{"href":"https:\/\/wgphoto.pl\/t\/index.php?rest_route=\/wp\/v2\/types\/post"}],"author":[{"embeddable":true,"href":"https:\/\/wgphoto.pl\/t\/index.php?rest_route=\/wp\/v2\/users\/1"}],"replies":[{"embeddable":true,"href":"https:\/\/wgphoto.pl\/t\/index.php?rest_route=%2Fwp%2Fv2%2Fcomments&post=21584"}],"version-history":[{"count":2,"href":"https:\/\/wgphoto.pl\/t\/index.php?rest_route=\/wp\/v2\/posts\/21584\/revisions"}],"predecessor-version":[{"id":21587,"href":"https:\/\/wgphoto.pl\/t\/index.php?rest_route=\/wp\/v2\/posts\/21584\/revisions\/21587"}],"wp:featuredmedia":[{"embeddable":true,"href":"https:\/\/wgphoto.pl\/t\/index.php?rest_route=\/wp\/v2\/media\/21585"}],"wp:attachment":[{"href":"https:\/\/wgphoto.pl\/t\/index.php?rest_route=%2Fwp%2Fv2%2Fmedia&parent=21584"}],"wp:term":[{"taxonomy":"category","embeddable":true,"href":"https:\/\/wgphoto.pl\/t\/index.php?rest_route=%2Fwp%2Fv2%2Fcategories&post=21584"},{"taxonomy":"post_tag","embeddable":true,"href":"https:\/\/wgphoto.pl\/t\/index.php?rest_route=%2Fwp%2Fv2%2Ftags&post=21584"}],"curies":[{"name":"wp","href":"https:\/\/api.w.org\/{rel}","templated":true}]}}