{"id":21588,"date":"2025-08-05T18:44:22","date_gmt":"2025-08-05T16:44:22","guid":{"rendered":"https:\/\/wgphoto.pl\/t\/?p=21588"},"modified":"2025-08-05T18:44:22","modified_gmt":"2025-08-05T16:44:22","slug":"wykonawcza-w-benesacie","status":"publish","type":"post","link":"https:\/\/wgphoto.pl\/t\/?p=21588","title":{"rendered":"Wykonawcza w Benesacie"},"content":{"rendered":"\n<figure class=\"wp-block-image aligncenter size-full\"><img loading=\"lazy\" decoding=\"async\" width=\"1400\" height=\"927\" src=\"https:\/\/wgphoto.pl\/t\/wp-content\/uploads\/2025\/08\/IMGP2774.jpg\" alt=\"\" class=\"wp-image-21589\" srcset=\"https:\/\/wgphoto.pl\/t\/wp-content\/uploads\/2025\/08\/IMGP2774.jpg 1400w, https:\/\/wgphoto.pl\/t\/wp-content\/uploads\/2025\/08\/IMGP2774-300x199.jpg 300w, https:\/\/wgphoto.pl\/t\/wp-content\/uploads\/2025\/08\/IMGP2774-768x509.jpg 768w\" sizes=\"auto, (max-width: 1400px) 100vw, 1400px\" \/><\/figure>\n\n\n\n<div class=\"wp-block-group has-global-padding is-layout-constrained wp-block-group-is-layout-constrained\">\n<p>628.482 jako poci\u0105g 10693 sp\u00f3\u0142ki Interregional C\u0103l\u0103tori relacji Jibou &#8211; Baia Mare wje\u017cd\u017ca na boczny tor stacji Benesat, gdzie zaliczy krzy\u017cowanie z poci\u0105giem jad\u0105cym z przeciwka. 25.06.2023<\/p>\n<\/div>\n","protected":false},"excerpt":{"rendered":"<p>628.482 jako poci\u0105g 10693 sp\u00f3\u0142ki Interregional C\u0103l\u0103tori relacji Jibou &#8211; Baia Mare wje\u017cd\u017ca na boczny tor stacji Benesat, gdzie zaliczy krzy\u017cowanie z poci\u0105giem jad\u0105cym z przeciwka. 25.06.2023<\/p>\n","protected":false},"author":1,"featured_media":21589,"comment_status":"open","ping_status":"","sticky":false,"template":"","format":"standard","meta":{"footnotes":""},"categories":[2,6],"tags":[4156,1450,4448,4154,1449,162,574,53],"class_list":["post-21588","post","type-post","status-publish","format-standard","has-post-thumbnail","hentry","category-kolej","category-2023r","tag-2023-06-25","tag-1450","tag-benesat","tag-buna-romania-2023","tag-irc","tag-niebo","tag-rumunia","tag-sygnalizacja-ksztaltowa"],"_links":{"self":[{"href":"https:\/\/wgphoto.pl\/t\/index.php?rest_route=\/wp\/v2\/posts\/21588","targetHints":{"allow":["GET"]}}],"collection":[{"href":"https:\/\/wgphoto.pl\/t\/index.php?rest_route=\/wp\/v2\/posts"}],"about":[{"href":"https:\/\/wgphoto.pl\/t\/index.php?rest_route=\/wp\/v2\/types\/post"}],"author":[{"embeddable":true,"href":"https:\/\/wgphoto.pl\/t\/index.php?rest_route=\/wp\/v2\/users\/1"}],"replies":[{"embeddable":true,"href":"https:\/\/wgphoto.pl\/t\/index.php?rest_route=%2Fwp%2Fv2%2Fcomments&post=21588"}],"version-history":[{"count":1,"href":"https:\/\/wgphoto.pl\/t\/index.php?rest_route=\/wp\/v2\/posts\/21588\/revisions"}],"predecessor-version":[{"id":21590,"href":"https:\/\/wgphoto.pl\/t\/index.php?rest_route=\/wp\/v2\/posts\/21588\/revisions\/21590"}],"wp:featuredmedia":[{"embeddable":true,"href":"https:\/\/wgphoto.pl\/t\/index.php?rest_route=\/wp\/v2\/media\/21589"}],"wp:attachment":[{"href":"https:\/\/wgphoto.pl\/t\/index.php?rest_route=%2Fwp%2Fv2%2Fmedia&parent=21588"}],"wp:term":[{"taxonomy":"category","embeddable":true,"href":"https:\/\/wgphoto.pl\/t\/index.php?rest_route=%2Fwp%2Fv2%2Fcategories&post=21588"},{"taxonomy":"post_tag","embeddable":true,"href":"https:\/\/wgphoto.pl\/t\/index.php?rest_route=%2Fwp%2Fv2%2Ftags&post=21588"}],"curies":[{"name":"wp","href":"https:\/\/api.w.org\/{rel}","templated":true}]}}