{"id":21594,"date":"2025-08-07T18:35:42","date_gmt":"2025-08-07T16:35:42","guid":{"rendered":"https:\/\/wgphoto.pl\/t\/?p=21594"},"modified":"2025-08-07T18:35:42","modified_gmt":"2025-08-07T16:35:42","slug":"cztery-minuty","status":"publish","type":"post","link":"https:\/\/wgphoto.pl\/t\/?p=21594","title":{"rendered":"Cztery minuty"},"content":{"rendered":"\n<figure class=\"wp-block-image aligncenter size-full\"><img loading=\"lazy\" decoding=\"async\" width=\"1400\" height=\"937\" src=\"https:\/\/wgphoto.pl\/t\/wp-content\/uploads\/2025\/08\/IMGP8087.jpg\" alt=\"\" class=\"wp-image-21595\" srcset=\"https:\/\/wgphoto.pl\/t\/wp-content\/uploads\/2025\/08\/IMGP8087.jpg 1400w, https:\/\/wgphoto.pl\/t\/wp-content\/uploads\/2025\/08\/IMGP8087-300x201.jpg 300w, https:\/\/wgphoto.pl\/t\/wp-content\/uploads\/2025\/08\/IMGP8087-768x514.jpg 768w\" sizes=\"auto, (max-width: 1400px) 100vw, 1400px\" \/><\/figure>\n\n\n\n<div class=\"wp-block-group has-global-padding is-layout-constrained wp-block-group-is-layout-constrained\">\n<p>810.449 jako poci\u0105g osobowy z i do Havl\u00ed\u010dkova Brodu podczas rozk\u0142adowo 4-minutowego postoju na ko\u0144cowej stacji Humpolec, a o ile pami\u0119tam by\u0142 chwil\u0119 sp\u00f3\u017aniony i dlatego nie mia\u0142em czasu na kombinacje z kadrem. W momencie wykonywania zdj\u0119cia powinien ju\u017c odje\u017cd\u017ca\u0107 w drog\u0119 powrotn\u0105, ale kierowniczka poci\u0105gu niesie jeszcze jak\u0105\u015b przesy\u0142k\u0119 do budynku dworcowego, by\u0107 mo\u017ce do kasy biletowej. 17.09.2010<\/p>\n<\/div>\n","protected":false},"excerpt":{"rendered":"<p>810.449 jako poci\u0105g osobowy z i do Havl\u00ed\u010dkova Brodu podczas rozk\u0142adowo 4-minutowego postoju na ko\u0144cowej stacji Humpolec, a o ile pami\u0119tam by\u0142 chwil\u0119 sp\u00f3\u017aniony i dlatego nie mia\u0142em czasu na kombinacje z kadrem. W momencie wykonywania zdj\u0119cia powinien ju\u017c odje\u017cd\u017ca\u0107 w drog\u0119 powrotn\u0105, ale kierowniczka poci\u0105gu niesie jeszcze jak\u0105\u015b przesy\u0142k\u0119 do budynku dworcowego, by\u0107 mo\u017ce [&hellip;]<\/p>\n","protected":false},"author":1,"featured_media":21595,"comment_status":"open","ping_status":"","sticky":false,"template":"","format":"standard","meta":{"footnotes":""},"categories":[2,86],"tags":[88,92,50,49,4452,94,4453],"class_list":["post-21594","post","type-post","status-publish","format-standard","has-post-thumbnail","hentry","category-kolej","category-rok-2010","tag-2010-09-17","tag-92","tag-cd","tag-czechy","tag-humpolec","tag-na-kolejowym-koncu-swiata","tag-tab-cz237"],"_links":{"self":[{"href":"https:\/\/wgphoto.pl\/t\/index.php?rest_route=\/wp\/v2\/posts\/21594","targetHints":{"allow":["GET"]}}],"collection":[{"href":"https:\/\/wgphoto.pl\/t\/index.php?rest_route=\/wp\/v2\/posts"}],"about":[{"href":"https:\/\/wgphoto.pl\/t\/index.php?rest_route=\/wp\/v2\/types\/post"}],"author":[{"embeddable":true,"href":"https:\/\/wgphoto.pl\/t\/index.php?rest_route=\/wp\/v2\/users\/1"}],"replies":[{"embeddable":true,"href":"https:\/\/wgphoto.pl\/t\/index.php?rest_route=%2Fwp%2Fv2%2Fcomments&post=21594"}],"version-history":[{"count":1,"href":"https:\/\/wgphoto.pl\/t\/index.php?rest_route=\/wp\/v2\/posts\/21594\/revisions"}],"predecessor-version":[{"id":21596,"href":"https:\/\/wgphoto.pl\/t\/index.php?rest_route=\/wp\/v2\/posts\/21594\/revisions\/21596"}],"wp:featuredmedia":[{"embeddable":true,"href":"https:\/\/wgphoto.pl\/t\/index.php?rest_route=\/wp\/v2\/media\/21595"}],"wp:attachment":[{"href":"https:\/\/wgphoto.pl\/t\/index.php?rest_route=%2Fwp%2Fv2%2Fmedia&parent=21594"}],"wp:term":[{"taxonomy":"category","embeddable":true,"href":"https:\/\/wgphoto.pl\/t\/index.php?rest_route=%2Fwp%2Fv2%2Fcategories&post=21594"},{"taxonomy":"post_tag","embeddable":true,"href":"https:\/\/wgphoto.pl\/t\/index.php?rest_route=%2Fwp%2Fv2%2Ftags&post=21594"}],"curies":[{"name":"wp","href":"https:\/\/api.w.org\/{rel}","templated":true}]}}