{"id":21597,"date":"2025-08-07T18:36:32","date_gmt":"2025-08-07T16:36:32","guid":{"rendered":"https:\/\/wgphoto.pl\/t\/?p=21597"},"modified":"2025-08-07T18:36:47","modified_gmt":"2025-08-07T16:36:47","slug":"miedzynarodowy-fiat","status":"publish","type":"post","link":"https:\/\/wgphoto.pl\/t\/?p=21597","title":{"rendered":"Mi\u0119dzynarodowy Fiat"},"content":{"rendered":"\n<figure class=\"wp-block-image aligncenter size-full\"><img loading=\"lazy\" decoding=\"async\" width=\"1400\" height=\"937\" src=\"https:\/\/wgphoto.pl\/t\/wp-content\/uploads\/2025\/08\/IMGP8172.jpg\" alt=\"\" class=\"wp-image-21598\" srcset=\"https:\/\/wgphoto.pl\/t\/wp-content\/uploads\/2025\/08\/IMGP8172.jpg 1400w, https:\/\/wgphoto.pl\/t\/wp-content\/uploads\/2025\/08\/IMGP8172-300x201.jpg 300w, https:\/\/wgphoto.pl\/t\/wp-content\/uploads\/2025\/08\/IMGP8172-768x514.jpg 768w\" sizes=\"auto, (max-width: 1400px) 100vw, 1400px\" \/><\/figure>\n\n\n\n<div class=\"wp-block-group has-global-padding is-layout-constrained wp-block-group-is-layout-constrained\">\n<p>SU45-064 z mi\u0119dzynarodowym poci\u0105giem pospiesznym z Berlina do Moskwy, zestawionym z rosyjskich wagon\u00f3w, przekracza Odr\u0119 i granic\u0119 pa\u0144stwa w S\u0142ubicach. 02.08.2009<\/p>\n<\/div>\n","protected":false},"excerpt":{"rendered":"<p>SU45-064 z mi\u0119dzynarodowym poci\u0105giem pospiesznym z Berlina do Moskwy, zestawionym z rosyjskich wagon\u00f3w, przekracza Odr\u0119 i granic\u0119 pa\u0144stwa w S\u0142ubicach. 02.08.2009<\/p>\n","protected":false},"author":1,"featured_media":21598,"comment_status":"open","ping_status":"","sticky":false,"template":"","format":"standard","meta":{"footnotes":""},"categories":[2,169],"tags":[1070,45,4455,63,27,4454,290,491],"class_list":["post-21597","post","type-post","status-publish","format-standard","has-post-thumbnail","hentry","category-kolej","category-rok-2009","tag-2009-08-02","tag-most","tag-oderbrucke","tag-pkp","tag-polska","tag-slubice","tag-su45","tag-tab-pl300"],"_links":{"self":[{"href":"https:\/\/wgphoto.pl\/t\/index.php?rest_route=\/wp\/v2\/posts\/21597","targetHints":{"allow":["GET"]}}],"collection":[{"href":"https:\/\/wgphoto.pl\/t\/index.php?rest_route=\/wp\/v2\/posts"}],"about":[{"href":"https:\/\/wgphoto.pl\/t\/index.php?rest_route=\/wp\/v2\/types\/post"}],"author":[{"embeddable":true,"href":"https:\/\/wgphoto.pl\/t\/index.php?rest_route=\/wp\/v2\/users\/1"}],"replies":[{"embeddable":true,"href":"https:\/\/wgphoto.pl\/t\/index.php?rest_route=%2Fwp%2Fv2%2Fcomments&post=21597"}],"version-history":[{"count":1,"href":"https:\/\/wgphoto.pl\/t\/index.php?rest_route=\/wp\/v2\/posts\/21597\/revisions"}],"predecessor-version":[{"id":21599,"href":"https:\/\/wgphoto.pl\/t\/index.php?rest_route=\/wp\/v2\/posts\/21597\/revisions\/21599"}],"wp:featuredmedia":[{"embeddable":true,"href":"https:\/\/wgphoto.pl\/t\/index.php?rest_route=\/wp\/v2\/media\/21598"}],"wp:attachment":[{"href":"https:\/\/wgphoto.pl\/t\/index.php?rest_route=%2Fwp%2Fv2%2Fmedia&parent=21597"}],"wp:term":[{"taxonomy":"category","embeddable":true,"href":"https:\/\/wgphoto.pl\/t\/index.php?rest_route=%2Fwp%2Fv2%2Fcategories&post=21597"},{"taxonomy":"post_tag","embeddable":true,"href":"https:\/\/wgphoto.pl\/t\/index.php?rest_route=%2Fwp%2Fv2%2Ftags&post=21597"}],"curies":[{"name":"wp","href":"https:\/\/api.w.org\/{rel}","templated":true}]}}